{"id":5551,"global_id":"www.majt-lille.org\/V2?id=5551","global_id_lineage":["www.majt-lille.org\/V2?id=5551"],"author":"13","status":"publish","date":"2025-07-30 12:50:42","date_utc":"2025-07-30 10:50:42","modified":"2025-07-30 12:50:42","modified_utc":"2025-07-30 10:50:42","url":"https:\/\/www.majt-lille.org\/V2\/event\/cafe-papote-special-aide-humanitaire\/","rest_url":"https:\/\/www.majt-lille.org\/V2\/wp-json\/tribe\/events\/v1\/events\/5551","title":"Caf\u00e9 Papote sp\u00e9cial Aide humanitaire","description":"<p>Viens te d\u00e9tendre en fin de journ\u00e9e avec des discussions autour d&rsquo;un th\u00e8me sp\u00e9cifique.<\/p>","excerpt":"","slug":"cafe-papote-special-aide-humanitaire","image":{"url":"https:\/\/www.majt-lille.org\/V2\/wp-content\/uploads\/2023\/10\/illustration-cafe-papote.png","id":2898,"extension":"png","width":751,"height":500,"filesize":34459,"sizes":{"medium":{"width":300,"height":200,"mime-type":"image\/png","filesize":17058,"url":"https:\/\/www.majt-lille.org\/V2\/wp-content\/uploads\/2023\/10\/illustration-cafe-papote-300x200.png"},"thumbnail":{"width":150,"height":150,"mime-type":"image\/png","filesize":10880,"url":"https:\/\/www.majt-lille.org\/V2\/wp-content\/uploads\/2023\/10\/illustration-cafe-papote-150x150.png"},"post-thumbnail":{"width":370,"height":265,"mime-type":"image\/png","filesize":23662,"url":"https:\/\/www.majt-lille.org\/V2\/wp-content\/uploads\/2023\/10\/illustration-cafe-papote-370x265.png"},"checkiz-thumb-s":{"width":150,"height":85,"mime-type":"image\/png","filesize":6399,"url":"https:\/\/www.majt-lille.org\/V2\/wp-content\/uploads\/2023\/10\/illustration-cafe-papote-150x85.png"},"checkiz-thumb-s-2":{"width":230,"height":230,"mime-type":"image\/png","filesize":18773,"url":"https:\/\/www.majt-lille.org\/V2\/wp-content\/uploads\/2023\/10\/illustration-cafe-papote-230x230.png"},"checkiz-thumb-m":{"width":400,"height":400,"mime-type":"image\/png","filesize":36401,"url":"https:\/\/www.majt-lille.org\/V2\/wp-content\/uploads\/2023\/10\/illustration-cafe-papote-400x400.png"},"checkiz-thumb-m-vertical":{"width":370,"height":500,"mime-type":"image\/png","filesize":30104,"url":"https:\/\/www.majt-lille.org\/V2\/wp-content\/uploads\/2023\/10\/illustration-cafe-papote-370x500.png"},"checkiz-thumb-m-2":{"width":570,"height":450,"mime-type":"image\/png","filesize":42540,"url":"https:\/\/www.majt-lille.org\/V2\/wp-content\/uploads\/2023\/10\/illustration-cafe-papote-570x450.png"},"checkiz-thumb-masonry":{"width":600,"height":399,"mime-type":"image\/png","filesize":38739,"url":"https:\/\/www.majt-lille.org\/V2\/wp-content\/uploads\/2023\/10\/illustration-cafe-papote-600x399.png"},"checkiz-thumb-justify":{"width":640,"height":500,"mime-type":"image\/png","filesize":32039,"url":"https:\/\/www.majt-lille.org\/V2\/wp-content\/uploads\/2023\/10\/illustration-cafe-papote-640x500.png"}}},"all_day":false,"start_date":"2025-08-20 16:30:00","start_date_details":{"year":"2025","month":"08","day":"20","hour":"16","minutes":"30","seconds":"00"},"end_date":"2025-08-20 18:30:00","end_date_details":{"year":"2025","month":"08","day":"20","hour":"18","minutes":"30","seconds":"00"},"utc_start_date":"2025-08-20 14:30:00","utc_start_date_details":{"year":"2025","month":"08","day":"20","hour":"14","minutes":"30","seconds":"00"},"utc_end_date":"2025-08-20 16:30:00","utc_end_date_details":{"year":"2025","month":"08","day":"20","hour":"16","minutes":"30","seconds":"00"},"timezone":"Europe\/Paris","timezone_abbr":"CEST","cost":"","cost_details":{"currency_symbol":"","currency_code":"","currency_position":"","values":[]},"website":"","show_map":true,"show_map_link":true,"hide_from_listings":false,"sticky":false,"featured":false,"categories":[{"name":"Caf\u00e9 papote","slug":"cafe-papote","term_group":0,"term_taxonomy_id":28,"taxonomy":"tribe_events_cat","description":"","parent":0,"count":82,"filter":"raw","id":28,"urls":{"self":"https:\/\/www.majt-lille.org\/V2\/wp-json\/tribe\/events\/v1\/categories\/28","collection":"https:\/\/www.majt-lille.org\/V2\/wp-json\/tribe\/events\/v1\/categories"}}],"tags":[],"venue":{"id":2589,"author":"7","status":"publish","date":"2023-10-13 14:02:36","date_utc":"2023-10-13 12:02:36","modified":"2023-10-13 14:02:36","modified_utc":"2023-10-13 12:02:36","url":"https:\/\/www.majt-lille.org\/V2\/lieu\/residence-thumesnil\/","venue":"R\u00e9sidence Thumesnil","slug":"residence-thumesnil","address":"17 rue de Thumesnil","city":"Lille","country":"France","province":"Lille","zip":"59000","phone":"03 20 52 69 75","stateprovince":"Lille","json_ld":{"@type":"Place","name":"R\u00e9sidence Thumesnil","description":"","url":"","address":{"@type":"PostalAddress","streetAddress":"17 rue de Thumesnil","addressLocality":"Lille","addressRegion":"Lille","postalCode":"59000","addressCountry":"France"},"telephone":"03 20 52 69 75","sameAs":""},"show_map":true,"show_map_link":true,"global_id":"www.majt-lille.org\/V2?id=2589","global_id_lineage":["www.majt-lille.org\/V2?id=2589"]},"organizer":[{"id":2591,"author":"7","status":"publish","date":"2023-10-13 14:04:15","date_utc":"2023-10-13 12:04:15","modified":"2023-10-13 14:04:15","modified_utc":"2023-10-13 12:04:15","url":"https:\/\/www.majt-lille.org\/V2\/organisateur\/adrien\/","organizer":"Adrien","slug":"adrien","json_ld":{"@type":"Person","name":"Adrien","description":"","url":"","telephone":"","email":"","sameAs":""},"global_id":"www.majt-lille.org\/V2?id=2591","global_id_lineage":["www.majt-lille.org\/V2?id=2591"]}],"custom_fields":[],"json_ld":{"@context":"http:\/\/schema.org","@type":"Event","name":"Caf\u00e9 Papote sp\u00e9cial Aide humanitaire","description":"&lt;p&gt;Viens te d\u00e9tendre en fin de journ\u00e9e avec des discussions autour d\\'un th\u00e8me sp\u00e9cifique.&lt;\/p&gt;\\n","image":"https:\/\/www.majt-lille.org\/V2\/wp-content\/uploads\/2023\/10\/illustration-cafe-papote.png","url":"https:\/\/www.majt-lille.org\/V2\/event\/cafe-papote-special-aide-humanitaire\/","eventAttendanceMode":"https:\/\/schema.org\/OfflineEventAttendanceMode","eventStatus":"https:\/\/schema.org\/EventScheduled","startDate":"2025-08-20T16:30:00+02:00","endDate":"2025-08-20T18:30:00+02:00","location":{"@type":"Place","name":"R\u00e9sidence Thumesnil","description":"","url":"","address":{"@type":"PostalAddress","streetAddress":"17 rue de Thumesnil","addressLocality":"Lille","addressRegion":"Lille","postalCode":"59000","addressCountry":"France"},"telephone":"03 20 52 69 75","sameAs":""},"organizer":{"@type":"Person","name":"Adrien","description":"","url":"","telephone":"","email":"","sameAs":""},"performer":"Organization"},"ticketed":false}