{"id":5696,"global_id":"www.majt-lille.org\/V2?id=5696","global_id_lineage":["www.majt-lille.org\/V2?id=5696"],"author":"13","status":"publish","date":"2025-09-08 14:26:23","date_utc":"2025-09-08 12:26:23","modified":"2025-09-08 14:26:23","modified_utc":"2025-09-08 12:26:23","url":"https:\/\/www.majt-lille.org\/V2\/event\/permanence-cpam-10\/","rest_url":"https:\/\/www.majt-lille.org\/V2\/wp-json\/tribe\/events\/v1\/events\/5696","title":"Permanence CPAM","description":"<p>Gr\u00e2ce \u00e0 un professionnel de la CPAM, tu aura toutes les r\u00e9ponses aux questions que tu te pose concernant tes droits, acc\u00e8s \u00e0 la sant\u00e9, etc&#8230;<\/p>","excerpt":"","slug":"permanence-cpam-10","image":{"url":"https:\/\/www.majt-lille.org\/V2\/wp-content\/uploads\/2023\/11\/illustration-cpam.png","id":2977,"extension":"png","width":751,"height":500,"filesize":48536,"sizes":{"medium":{"width":300,"height":200,"mime-type":"image\/png","filesize":23701,"url":"https:\/\/www.majt-lille.org\/V2\/wp-content\/uploads\/2023\/11\/illustration-cpam-300x200.png"},"thumbnail":{"width":150,"height":150,"mime-type":"image\/png","filesize":15595,"url":"https:\/\/www.majt-lille.org\/V2\/wp-content\/uploads\/2023\/11\/illustration-cpam-150x150.png"},"post-thumbnail":{"width":370,"height":265,"mime-type":"image\/png","filesize":33895,"url":"https:\/\/www.majt-lille.org\/V2\/wp-content\/uploads\/2023\/11\/illustration-cpam-370x265.png"},"checkiz-thumb-s":{"width":150,"height":85,"mime-type":"image\/png","filesize":9057,"url":"https:\/\/www.majt-lille.org\/V2\/wp-content\/uploads\/2023\/11\/illustration-cpam-150x85.png"},"checkiz-thumb-s-2":{"width":230,"height":230,"mime-type":"image\/png","filesize":27237,"url":"https:\/\/www.majt-lille.org\/V2\/wp-content\/uploads\/2023\/11\/illustration-cpam-230x230.png"},"checkiz-thumb-m":{"width":400,"height":400,"mime-type":"image\/png","filesize":53931,"url":"https:\/\/www.majt-lille.org\/V2\/wp-content\/uploads\/2023\/11\/illustration-cpam-400x400.png"},"checkiz-thumb-m-vertical":{"width":370,"height":500,"mime-type":"image\/png","filesize":45021,"url":"https:\/\/www.majt-lille.org\/V2\/wp-content\/uploads\/2023\/11\/illustration-cpam-370x500.png"},"checkiz-thumb-m-2":{"width":570,"height":450,"mime-type":"image\/png","filesize":63160,"url":"https:\/\/www.majt-lille.org\/V2\/wp-content\/uploads\/2023\/11\/illustration-cpam-570x450.png"},"checkiz-thumb-masonry":{"width":600,"height":399,"mime-type":"image\/png","filesize":56574,"url":"https:\/\/www.majt-lille.org\/V2\/wp-content\/uploads\/2023\/11\/illustration-cpam-600x399.png"},"checkiz-thumb-justify":{"width":640,"height":500,"mime-type":"image\/png","filesize":48299,"url":"https:\/\/www.majt-lille.org\/V2\/wp-content\/uploads\/2023\/11\/illustration-cpam-640x500.png"}}},"all_day":false,"start_date":"2025-09-24 16:30:00","start_date_details":{"year":"2025","month":"09","day":"24","hour":"16","minutes":"30","seconds":"00"},"end_date":"2025-09-24 19:00:00","end_date_details":{"year":"2025","month":"09","day":"24","hour":"19","minutes":"00","seconds":"00"},"utc_start_date":"2025-09-24 14:30:00","utc_start_date_details":{"year":"2025","month":"09","day":"24","hour":"14","minutes":"30","seconds":"00"},"utc_end_date":"2025-09-24 17:00:00","utc_end_date_details":{"year":"2025","month":"09","day":"24","hour":"17","minutes":"00","seconds":"00"},"timezone":"Europe\/Paris","timezone_abbr":"CEST","cost":"","cost_details":{"currency_symbol":"","currency_code":"","currency_position":"","values":[]},"website":"","show_map":true,"show_map_link":true,"hide_from_listings":false,"sticky":false,"featured":false,"categories":[{"name":"CPAM","slug":"cpam","term_group":0,"term_taxonomy_id":27,"taxonomy":"tribe_events_cat","description":"","parent":0,"count":14,"filter":"raw","id":27,"urls":{"self":"https:\/\/www.majt-lille.org\/V2\/wp-json\/tribe\/events\/v1\/categories\/27","collection":"https:\/\/www.majt-lille.org\/V2\/wp-json\/tribe\/events\/v1\/categories"}}],"tags":[],"venue":{"id":2589,"author":"7","status":"publish","date":"2023-10-13 14:02:36","date_utc":"2023-10-13 12:02:36","modified":"2023-10-13 14:02:36","modified_utc":"2023-10-13 12:02:36","url":"https:\/\/www.majt-lille.org\/V2\/lieu\/residence-thumesnil\/","venue":"R\u00e9sidence Thumesnil","slug":"residence-thumesnil","address":"17 rue de Thumesnil","city":"Lille","country":"France","province":"Lille","zip":"59000","phone":"03 20 52 69 75","stateprovince":"Lille","json_ld":{"@type":"Place","name":"R\u00e9sidence Thumesnil","description":"","url":"","address":{"@type":"PostalAddress","streetAddress":"17 rue de Thumesnil","addressLocality":"Lille","addressRegion":"Lille","postalCode":"59000","addressCountry":"France"},"telephone":"03 20 52 69 75","sameAs":""},"show_map":true,"show_map_link":true,"global_id":"www.majt-lille.org\/V2?id=2589","global_id_lineage":["www.majt-lille.org\/V2?id=2589"]},"organizer":[{"id":3690,"author":"13","status":"publish","date":"2024-02-29 18:32:15","date_utc":"2024-02-29 17:32:15","modified":"2024-02-29 18:32:15","modified_utc":"2024-02-29 17:32:15","url":"https:\/\/www.majt-lille.org\/V2\/organisateur\/cpam\/","organizer":"CPAM","slug":"cpam","json_ld":{"@type":"Person","name":"CPAM","description":"","url":"","telephone":"","email":"","sameAs":""},"global_id":"www.majt-lille.org\/V2?id=3690","global_id_lineage":["www.majt-lille.org\/V2?id=3690"]}],"custom_fields":[],"json_ld":{"@context":"http:\/\/schema.org","@type":"Event","name":"Permanence CPAM","description":"&lt;p&gt;Gr\u00e2ce \u00e0 un professionnel de la CPAM, tu aura toutes les r\u00e9ponses aux questions que tu te pose concernant tes droits, acc\u00e8s \u00e0 la sant\u00e9, etc...&lt;\/p&gt;\\n","image":"https:\/\/www.majt-lille.org\/V2\/wp-content\/uploads\/2023\/11\/illustration-cpam.png","url":"https:\/\/www.majt-lille.org\/V2\/event\/permanence-cpam-10\/","eventAttendanceMode":"https:\/\/schema.org\/OfflineEventAttendanceMode","eventStatus":"https:\/\/schema.org\/EventScheduled","startDate":"2025-09-24T16:30:00+02:00","endDate":"2025-09-24T19:00:00+02:00","location":{"@type":"Place","name":"R\u00e9sidence Thumesnil","description":"","url":"","address":{"@type":"PostalAddress","streetAddress":"17 rue de Thumesnil","addressLocality":"Lille","addressRegion":"Lille","postalCode":"59000","addressCountry":"France"},"telephone":"03 20 52 69 75","sameAs":""},"organizer":{"@type":"Person","name":"CPAM","description":"","url":"","telephone":"","email":"","sameAs":""},"performer":"Organization"},"ticketed":false}