{"id":3912,"date":"2024-06-04T14:22:42","date_gmt":"2024-06-04T12:22:42","guid":{"rendered":"https:\/\/www.majt-lille.org\/V2\/?p=3912"},"modified":"2024-06-10T22:39:21","modified_gmt":"2024-06-10T20:39:21","slug":"participation-de-la-majt-au-forum-logement","status":"publish","type":"post","link":"https:\/\/www.majt-lille.org\/V2\/participation-de-la-majt-au-forum-logement\/","title":{"rendered":"Participation de la MAJT au Forum Logement"},"content":{"rendered":"\t\t<div data-elementor-type=\"wp-post\" data-elementor-id=\"3912\" class=\"elementor elementor-3912\">\n\t\t\t\t\t\t<section class=\"elementor-section elementor-top-section elementor-element elementor-element-2591ea62 elementor-section-boxed elementor-section-height-default elementor-section-height-default\" data-id=\"2591ea62\" data-element_type=\"section\" data-settings=\"{&quot;jet_parallax_layout_list&quot;:[]}\">\n\t\t\t\t\t\t<div class=\"elementor-container elementor-column-gap-default\">\n\t\t\t\t\t<div class=\"elementor-column elementor-col-100 elementor-top-column elementor-element elementor-element-3322e3cc\" data-id=\"3322e3cc\" data-element_type=\"column\">\n\t\t\t<div class=\"elementor-widget-wrap elementor-element-populated\">\n\t\t\t\t\t\t<div class=\"elementor-element elementor-element-3bacb0e7 elementor-widget elementor-widget-text-editor\" data-id=\"3bacb0e7\" data-element_type=\"widget\" data-widget_type=\"text-editor.default\">\n\t\t\t\t<div class=\"elementor-widget-container\">\n\t\t\t\t\t\t\t\t\t<p>Le 10 avril dernier, les 3 r\u00e9f\u00e9rents logement de la MAJT ont pu pr\u00e9senter au public les diff\u00e9rents accompagnements que l\u2019association propose lors de sa participation au \u00ab\u00a0Forum Logement\u00a0\u00bb, organis\u00e9 par le P\u00f4le Jeunesse du D\u00e9partement du Nord.<\/p>\t\t\t\t\t\t\t\t<\/div>\n\t\t\t\t<\/div>\n\t\t\t\t\t<\/div>\n\t\t<\/div>\n\t\t\t\t\t<\/div>\n\t\t<\/section>\n\t\t\t\t<section class=\"elementor-section elementor-top-section elementor-element elementor-element-45d1a58 elementor-section-boxed elementor-section-height-default elementor-section-height-default\" data-id=\"45d1a58\" data-element_type=\"section\" data-settings=\"{&quot;jet_parallax_layout_list&quot;:[]}\">\n\t\t\t\t\t\t<div class=\"elementor-container elementor-column-gap-default\">\n\t\t\t\t\t<div class=\"elementor-column elementor-col-100 elementor-top-column elementor-element elementor-element-4a3d6ee6\" data-id=\"4a3d6ee6\" data-element_type=\"column\">\n\t\t\t<div class=\"elementor-widget-wrap elementor-element-populated\">\n\t\t\t\t\t\t<div class=\"elementor-element elementor-element-2040a4b0 elementor-widget elementor-widget-heading\" data-id=\"2040a4b0\" data-element_type=\"widget\" data-widget_type=\"heading.default\">\n\t\t\t\t<div class=\"elementor-widget-container\">\n\t\t\t\t\t<h2 class=\"elementor-heading-title elementor-size-default\">Un rendez-vous annuel <span>organis\u00e9 par par le P\u00f4le Jeunesse du D\u00e9partement du Nord. <\/span><\/h2>\t\t\t\t<\/div>\n\t\t\t\t<\/div>\n\t\t\t\t\t<\/div>\n\t\t<\/div>\n\t\t\t\t\t<\/div>\n\t\t<\/section>\n\t\t\t\t<section class=\"elementor-section elementor-top-section elementor-element elementor-element-95294fa elementor-section-boxed elementor-section-height-default elementor-section-height-default\" data-id=\"95294fa\" data-element_type=\"section\" data-settings=\"{&quot;jet_parallax_layout_list&quot;:[]}\">\n\t\t\t\t\t\t<div class=\"elementor-container elementor-column-gap-default\">\n\t\t\t\t\t<div class=\"elementor-column elementor-col-66 elementor-top-column elementor-element elementor-element-7bcb400\" data-id=\"7bcb400\" data-element_type=\"column\">\n\t\t\t<div class=\"elementor-widget-wrap elementor-element-populated\">\n\t\t\t\t\t\t<div class=\"elementor-element elementor-element-bebf123 elementor-widget elementor-widget-text-editor\" data-id=\"bebf123\" data-element_type=\"widget\" data-widget_type=\"text-editor.default\">\n\t\t\t\t<div class=\"elementor-widget-container\">\n\t\t\t\t\t\t\t\t\t<p>Cet \u00e9v\u00e9nement annuel, qui r\u00e9unit divers acteurs du logement, tels que GRAAL, Nazareth, ParteNord, AFEV et CROUS, offre \u00e0 la MAJT l\u2019opportunit\u00e9 de faire conna\u00eetre ses services aux jeunes majeurs ou en voie de le devenir. Parmi les services pr\u00e9sent\u00e9s figuraient :<\/p>\n<ul>\n<li>L&rsquo;accompagnement interne pour les r\u00e9sidents de la MAJT.<\/li>\n<li>Le&nbsp;<a href=\"https:\/\/www.majt-lille.org\/V2\/dispositif-kiala\/\" target=\"_blank\" rel=\"noopener\"><u>dispositif KIALA<\/u><\/a>, qui propose un soutien d\u2019un an aux jeunes habitant sur la MEL (M\u00e9tropole Europ\u00e9enne de Lille) et rencontrant des difficult\u00e9s en lien avec le maintien dans son logement social ou privatif.<\/li>\n<\/ul>\t\t\t\t\t\t\t\t<\/div>\n\t\t\t\t<\/div>\n\t\t\t\t\t<\/div>\n\t\t<\/div>\n\t\t\t\t<div class=\"elementor-column elementor-col-33 elementor-top-column elementor-element elementor-element-bc02fc3\" data-id=\"bc02fc3\" data-element_type=\"column\">\n\t\t\t<div class=\"elementor-widget-wrap elementor-element-populated\">\n\t\t\t\t\t\t<div class=\"elementor-element elementor-element-45686d1 elementor-widget elementor-widget-image\" data-id=\"45686d1\" data-element_type=\"widget\" data-widget_type=\"image.default\">\n\t\t\t\t<div class=\"elementor-widget-container\">\n\t\t\t\t\t\t\t\t\t\t\t\t\t\t\t<img fetchpriority=\"high\" decoding=\"async\" width=\"724\" height=\"1024\" src=\"https:\/\/www.majt-lille.org\/V2\/wp-content\/uploads\/2024\/06\/SEMAINE-DU-LOGEMENT-724x1024.jpg\" class=\"attachment-large size-large wp-image-3898\" alt=\"Affiche de la semaine du logement\" srcset=\"https:\/\/www.majt-lille.org\/V2\/wp-content\/uploads\/2024\/06\/SEMAINE-DU-LOGEMENT-724x1024.jpg 724w, https:\/\/www.majt-lille.org\/V2\/wp-content\/uploads\/2024\/06\/SEMAINE-DU-LOGEMENT-212x300.jpg 212w, https:\/\/www.majt-lille.org\/V2\/wp-content\/uploads\/2024\/06\/SEMAINE-DU-LOGEMENT-600x848.jpg 600w, https:\/\/www.majt-lille.org\/V2\/wp-content\/uploads\/2024\/06\/SEMAINE-DU-LOGEMENT.jpg 764w\" sizes=\"(max-width: 724px) 100vw, 724px\" \/>\t\t\t\t\t\t\t\t\t\t\t\t\t\t\t<\/div>\n\t\t\t\t<\/div>\n\t\t\t\t\t<\/div>\n\t\t<\/div>\n\t\t\t\t\t<\/div>\n\t\t<\/section>\n\t\t\t\t<section class=\"elementor-section elementor-top-section elementor-element elementor-element-6adbb029 elementor-section-boxed elementor-section-height-default elementor-section-height-default\" data-id=\"6adbb029\" data-element_type=\"section\" data-settings=\"{&quot;jet_parallax_layout_list&quot;:[]}\">\n\t\t\t\t\t\t<div class=\"elementor-container elementor-column-gap-default\">\n\t\t\t\t\t<div class=\"elementor-column elementor-col-100 elementor-top-column elementor-element elementor-element-14e2c163\" data-id=\"14e2c163\" data-element_type=\"column\">\n\t\t\t<div class=\"elementor-widget-wrap elementor-element-populated\">\n\t\t\t\t\t\t<div class=\"elementor-element elementor-element-2489687d elementor-widget elementor-widget-text-editor\" data-id=\"2489687d\" data-element_type=\"widget\" data-widget_type=\"text-editor.default\">\n\t\t\t\t<div class=\"elementor-widget-container\">\n\t\t\t\t\t\t\t\t\t<p><span style=\"font-size: 1.125rem; letter-spacing: 0px;\">L\u2019atelier a permis \u00e0 la MAJT de mettre en lumi\u00e8re l\u2019ensemble de ses services et prestations propos\u00e9es au sein de ses deux r\u00e9sidences (Thumesnil et Atrihome). Les interactions directes avec les jeunes ont \u00e9t\u00e9 l\u2019occasion de r\u00e9pondre \u00e0 leurs questions sur le fonctionnement en foyer, notamment sur le montant de la redevance, le r\u00e8glement, les modalit\u00e9s des visites, et l\u2019accessibilit\u00e9 des professionnels encadrants.<\/span><\/p>\n<p>Si certains jeunes \u00e9taient d\u00e9j\u00e0 familiers avec les conditions de s\u00e9jour en foyer, d\u2019autres ont pu \u00eatre rassur\u00e9s et agr\u00e9ablement surpris par les services propos\u00e9s, tels que le programme d\u2019animation en libre acc\u00e8s sur les 2 r\u00e9sidences de la MAJT, coordination de leur accompagnement leur r\u00e9f\u00e9rent EVA du D\u00e9partement, leur r\u00e9f\u00e9rent au sein de la r\u00e9sidence et eux-m\u00eames, possibilit\u00e9 de poursuite d\u2019accompagnement apr\u00e8s leur d\u00e9part de la MAJT (relais&nbsp;<a href=\"https:\/\/www.majt-lille.org\/V2\/dispositif-kiala\/\" target=\"_blank\" rel=\"noopener\" style=\"\"><u>KIALA<\/u><\/a>).<\/p>\n<p>Au-del\u00e0 de la pr\u00e9sentation des r\u00e9sidences Habitats Jeunes, cet \u00e9v\u00e9nement a \u00e9galement permis de rencontrer des accompagnateurs de jeunes et de renouer avec des partenaires potentiels pour des collaborations futures avec le service&nbsp;<a style=\"background-color: #ffffff;\" href=\"https:\/\/www.majt-lille.org\/V2\/dispositif-kiala\/\" target=\"_blank\" rel=\"noopener\"><u>KIALA<\/u><\/a>. Multiplier ces rencontres entre jeunes et professionnels, ainsi qu\u2019entre acteurs du logement, est essentiel.<\/p>\n<p><b>En pr\u00e9vision de la Semaine du Logement des Jeunes 2024, la MAJT pr\u00e9voit d\u00e9j\u00e0 de tenir deux stands lors du Forum Logement du 6 juin, accueilli par la Mission Locale de Lille Avenirs.&nbsp;<\/b><\/p>\t\t\t\t\t\t\t\t<\/div>\n\t\t\t\t<\/div>\n\t\t\t\t\t<\/div>\n\t\t<\/div>\n\t\t\t\t\t<\/div>\n\t\t<\/section>\n\t\t\t\t<\/div>\n\t\t","protected":false},"excerpt":{"rendered":"<p>Le 10 avril dernier, les 3 r\u00e9f\u00e9rents logement de la MAJT ont pu pr\u00e9senter au public les diff\u00e9rents accompagnements que l\u2019association propose lors de sa participation au \u00ab\u00a0Forum Logement\u00a0\u00bb, organis\u00e9 [&hellip;]<\/p>\n","protected":false},"author":6,"featured_media":3918,"comment_status":"closed","ping_status":"closed","sticky":false,"template":"","format":"standard","meta":{"_price":"","_stock":"","_tribe_ticket_header":"","_tribe_default_ticket_provider":"","_tribe_ticket_capacity":"0","_ticket_start_date":"","_ticket_end_date":"","_tribe_ticket_show_description":"","_tribe_ticket_show_not_going":false,"_tribe_ticket_use_global_stock":"","_tribe_ticket_global_stock_level":"","_global_stock_mode":"","_global_stock_cap":"","_tribe_rsvp_for_event":"","_tribe_ticket_going_count":"","_tribe_ticket_not_going_count":"","_tribe_tickets_list":"[]","_tribe_ticket_has_attendee_info_fields":false,"_jetpack_memberships_contains_paid_content":false,"footnotes":""},"categories":[12],"tags":[],"class_list":["post-3912","post","type-post","status-publish","format-standard","has-post-thumbnail","hentry","category-fonctionnement"],"jetpack_featured_media_url":"https:\/\/www.majt-lille.org\/V2\/wp-content\/uploads\/2024\/06\/extrait-SEMAINE-DU-LOGEMENT.jpg","jetpack_sharing_enabled":true,"_links":{"self":[{"href":"https:\/\/www.majt-lille.org\/V2\/wp-json\/wp\/v2\/posts\/3912","targetHints":{"allow":["GET"]}}],"collection":[{"href":"https:\/\/www.majt-lille.org\/V2\/wp-json\/wp\/v2\/posts"}],"about":[{"href":"https:\/\/www.majt-lille.org\/V2\/wp-json\/wp\/v2\/types\/post"}],"author":[{"embeddable":true,"href":"https:\/\/www.majt-lille.org\/V2\/wp-json\/wp\/v2\/users\/6"}],"replies":[{"embeddable":true,"href":"https:\/\/www.majt-lille.org\/V2\/wp-json\/wp\/v2\/comments?post=3912"}],"version-history":[{"count":17,"href":"https:\/\/www.majt-lille.org\/V2\/wp-json\/wp\/v2\/posts\/3912\/revisions"}],"predecessor-version":[{"id":4099,"href":"https:\/\/www.majt-lille.org\/V2\/wp-json\/wp\/v2\/posts\/3912\/revisions\/4099"}],"wp:featuredmedia":[{"embeddable":true,"href":"https:\/\/www.majt-lille.org\/V2\/wp-json\/wp\/v2\/media\/3918"}],"wp:attachment":[{"href":"https:\/\/www.majt-lille.org\/V2\/wp-json\/wp\/v2\/media?parent=3912"}],"wp:term":[{"taxonomy":"category","embeddable":true,"href":"https:\/\/www.majt-lille.org\/V2\/wp-json\/wp\/v2\/categories?post=3912"},{"taxonomy":"post_tag","embeddable":true,"href":"https:\/\/www.majt-lille.org\/V2\/wp-json\/wp\/v2\/tags?post=3912"}],"curies":[{"name":"wp","href":"https:\/\/api.w.org\/{rel}","templated":true}]}}