{"id":3962,"date":"2024-06-04T17:43:14","date_gmt":"2024-06-04T15:43:14","guid":{"rendered":"https:\/\/www.majt-lille.org\/V2\/?p=3962"},"modified":"2024-06-10T22:27:42","modified_gmt":"2024-06-10T20:27:42","slug":"un-dispositif-adapte-parcours-logement-et-emploi-des-jeunes","status":"publish","type":"post","link":"https:\/\/www.majt-lille.org\/V2\/un-dispositif-adapte-parcours-logement-et-emploi-des-jeunes\/","title":{"rendered":"Un dispositif adapt\u00e9 : Parcours Logement et Emploi Des Jeunes"},"content":{"rendered":"\t\t<div data-elementor-type=\"wp-post\" data-elementor-id=\"3962\" class=\"elementor elementor-3962\">\n\t\t\t\t\t\t<section class=\"elementor-section elementor-top-section elementor-element elementor-element-3d3431da elementor-section-boxed elementor-section-height-default elementor-section-height-default\" data-id=\"3d3431da\" data-element_type=\"section\" data-settings=\"{&quot;jet_parallax_layout_list&quot;:[]}\">\n\t\t\t\t\t\t<div class=\"elementor-container elementor-column-gap-default\">\n\t\t\t\t\t<div class=\"elementor-column elementor-col-100 elementor-top-column elementor-element elementor-element-538fce7f\" data-id=\"538fce7f\" data-element_type=\"column\">\n\t\t\t<div class=\"elementor-widget-wrap elementor-element-populated\">\n\t\t\t\t\t\t<div class=\"elementor-element elementor-element-5e77d08 elementor-widget elementor-widget-text-editor\" data-id=\"5e77d08\" data-element_type=\"widget\" data-widget_type=\"text-editor.default\">\n\t\t\t\t<div class=\"elementor-widget-container\">\n\t\t\t\t\t\t\t\t\t<p><strong><em>Depuis mars 2023, l\u2019association MAJT met \u00e0 disposition des places d\u2019accueil temporaire destin\u00e9es aux jeunes en rupture \u00e0 travers le projet PLEDJ (Parcours Logement et Emploi Des Jeunes). Ce projet, n\u00e9 d\u2019un consortium d\u2019acteurs du logement et de l\u2019insertion, a pour objectif de soutenir les jeunes les plus vuln\u00e9rables en leur fournissant un h\u00e9bergement temporaire et un accompagnement vers l\u2019emploi et l\u2019autonomie.<\/em><\/strong><\/p>\t\t\t\t\t\t\t\t<\/div>\n\t\t\t\t<\/div>\n\t\t\t\t\t<\/div>\n\t\t<\/div>\n\t\t\t\t\t<\/div>\n\t\t<\/section>\n\t\t\t\t<section class=\"elementor-section elementor-top-section elementor-element elementor-element-41315b7 elementor-section-boxed elementor-section-height-default elementor-section-height-default\" data-id=\"41315b7\" data-element_type=\"section\" data-settings=\"{&quot;jet_parallax_layout_list&quot;:[]}\">\n\t\t\t\t\t\t<div class=\"elementor-container elementor-column-gap-default\">\n\t\t\t\t\t<div class=\"elementor-column elementor-col-100 elementor-top-column elementor-element elementor-element-b35dd8a\" data-id=\"b35dd8a\" data-element_type=\"column\">\n\t\t\t<div class=\"elementor-widget-wrap elementor-element-populated\">\n\t\t\t\t\t\t<div class=\"elementor-element elementor-element-d8ef325 elementor-widget elementor-widget-heading\" data-id=\"d8ef325\" data-element_type=\"widget\" data-widget_type=\"heading.default\">\n\t\t\t\t<div class=\"elementor-widget-container\">\n\t\t\t\t\t<h2 class=\"elementor-heading-title elementor-size-default\">Objectifs et modalit\u00e9s du  <span>PLEDJ<\/span><\/h2>\t\t\t\t<\/div>\n\t\t\t\t<\/div>\n\t\t\t\t\t<\/div>\n\t\t<\/div>\n\t\t\t\t\t<\/div>\n\t\t<\/section>\n\t\t\t\t<section class=\"elementor-section elementor-top-section elementor-element elementor-element-545895c4 elementor-section-boxed elementor-section-height-default elementor-section-height-default\" data-id=\"545895c4\" data-element_type=\"section\" data-settings=\"{&quot;jet_parallax_layout_list&quot;:[]}\">\n\t\t\t\t\t\t<div class=\"elementor-container elementor-column-gap-default\">\n\t\t\t\t\t<div class=\"elementor-column elementor-col-100 elementor-top-column elementor-element elementor-element-9e350a1\" data-id=\"9e350a1\" data-element_type=\"column\">\n\t\t\t<div class=\"elementor-widget-wrap elementor-element-populated\">\n\t\t\t\t\t\t<div class=\"elementor-element elementor-element-616233c6 elementor-widget elementor-widget-text-editor\" data-id=\"616233c6\" data-element_type=\"widget\" data-widget_type=\"text-editor.default\">\n\t\t\t\t<div class=\"elementor-widget-container\">\n\t\t\t\t\t\t\t\t\t<p>Le dispositif PLEDJ, pilot\u00e9 par la Coordination Mobile Accueil Orientation (CMAO), a \u00e9t\u00e9 lanc\u00e9 en 2023 en partenariat avec des associations de la m\u00e9tropole lilloise, notamment la MAJT, l\u2019ABEJ, Le Graal, Eole, et les Missions Locales. Ce programme cible les jeunes \u00e2g\u00e9s de 18 \u00e0 25 ans (29 ans s&rsquo;ils sont reconnus travailleurs handicap\u00e9s), qui ne sont ni en \u00e9tudes, ni en formation, ni en emploi et qui sont \u00e9loign\u00e9s des services d\u2019aide et en difficult\u00e9.<\/p><p>Les objectifs du PLEDJ sont multiples :<\/p><ul><li>Rep\u00e9rer et aller vers les jeunes en rupture<\/li><li>Remobiliser et accompagner les jeunes vers l&rsquo;acc\u00e8s aux droits<\/li><li>Proposer des actions adapt\u00e9es (logement, sant\u00e9, mobilit\u00e9, etc.) pour s\u00e9curiser leur parcours vers un emploi durable.<\/li><\/ul>\t\t\t\t\t\t\t\t<\/div>\n\t\t\t\t<\/div>\n\t\t\t\t\t<\/div>\n\t\t<\/div>\n\t\t\t\t\t<\/div>\n\t\t<\/section>\n\t\t\t\t<section class=\"elementor-section elementor-top-section elementor-element elementor-element-441ad053 elementor-section-boxed elementor-section-height-default elementor-section-height-default\" data-id=\"441ad053\" data-element_type=\"section\" data-settings=\"{&quot;jet_parallax_layout_list&quot;:[]}\">\n\t\t\t\t\t\t<div class=\"elementor-container elementor-column-gap-default\">\n\t\t\t\t\t<div class=\"elementor-column elementor-col-100 elementor-top-column elementor-element elementor-element-5e820893\" data-id=\"5e820893\" data-element_type=\"column\">\n\t\t\t<div class=\"elementor-widget-wrap elementor-element-populated\">\n\t\t\t\t\t\t<div class=\"elementor-element elementor-element-4685e730 elementor-widget elementor-widget-heading\" data-id=\"4685e730\" data-element_type=\"widget\" data-widget_type=\"heading.default\">\n\t\t\t\t<div class=\"elementor-widget-container\">\n\t\t\t\t\t<h2 class=\"elementor-heading-title elementor-size-default\">Un tremplin vers\n  <span> l\u2019autonomie<\/span><\/h2>\t\t\t\t<\/div>\n\t\t\t\t<\/div>\n\t\t\t\t\t<\/div>\n\t\t<\/div>\n\t\t\t\t\t<\/div>\n\t\t<\/section>\n\t\t\t\t<section class=\"elementor-section elementor-top-section elementor-element elementor-element-0c4c9cc elementor-section-boxed elementor-section-height-default elementor-section-height-default\" data-id=\"0c4c9cc\" data-element_type=\"section\" data-settings=\"{&quot;jet_parallax_layout_list&quot;:[]}\">\n\t\t\t\t\t\t<div class=\"elementor-container elementor-column-gap-default\">\n\t\t\t\t\t<div class=\"elementor-column elementor-col-100 elementor-top-column elementor-element elementor-element-ef6a42e\" data-id=\"ef6a42e\" data-element_type=\"column\">\n\t\t\t<div class=\"elementor-widget-wrap elementor-element-populated\">\n\t\t\t\t\t\t<div class=\"elementor-element elementor-element-7d76c33 elementor-widget elementor-widget-text-editor\" data-id=\"7d76c33\" data-element_type=\"widget\" data-widget_type=\"text-editor.default\">\n\t\t\t\t<div class=\"elementor-widget-container\">\n\t\t\t\t\t\t\t\t\t<p>Ce projet offre \u00e0 ces jeunes l\u2019opportunit\u00e9 d\u2019entrer dans un parcours d\u2019insertion \u00e0 travers la signature d\u2019un Contrat Engagement Jeune Renforc\u00e9 (CEJ-R) avec les Missions Locales.<\/p><p>C\u00f4t\u00e9 logement, l\u2019entr\u00e9e sur le dispositif PLED-J permet \u00e0 la MAJT d\u2019offrir \u00e0 ces jeunes la possibilit\u00e9 d\u2019acc\u00e9der pendant deux semaines au FJT.\u00a0 D\u00e8s leur arriv\u00e9e, ils b\u00e9n\u00e9ficient d\u2019une place d\u2019h\u00e9bergement \u00e9quip\u00e9 d\u2019un espace cuisine et un salon partag\u00e9, d\u2019un kit alimentaire et hygi\u00e9nique, d\u2019une connexion internet, de jetons de lavage, et peuvent profiter de tous les services qu\u2019offre la r\u00e9sidence.<\/p><p>Ces logements temporaires dits \u00ab SAS \u00bb, ont pour but de d\u00e9montrer les avantages du FJT, de pouvoir projeter une inscription dans un parcours habitat et de donner une image positive sur le logement collectif : Le logement jeune accompagn\u00e9.<\/p>\t\t\t\t\t\t\t\t<\/div>\n\t\t\t\t<\/div>\n\t\t\t\t\t<\/div>\n\t\t<\/div>\n\t\t\t\t\t<\/div>\n\t\t<\/section>\n\t\t\t\t<section class=\"elementor-section elementor-top-section elementor-element elementor-element-7065651 elementor-section-boxed elementor-section-height-default elementor-section-height-default\" data-id=\"7065651\" data-element_type=\"section\" data-settings=\"{&quot;jet_parallax_layout_list&quot;:[]}\">\n\t\t\t\t\t\t<div class=\"elementor-container elementor-column-gap-default\">\n\t\t\t\t\t<div class=\"elementor-column elementor-col-50 elementor-top-column elementor-element elementor-element-28bfe06\" data-id=\"28bfe06\" data-element_type=\"column\">\n\t\t\t<div class=\"elementor-widget-wrap elementor-element-populated\">\n\t\t\t\t\t\t<div class=\"elementor-element elementor-element-c683614 elementor-widget elementor-widget-image\" data-id=\"c683614\" data-element_type=\"widget\" data-widget_type=\"image.default\">\n\t\t\t\t<div class=\"elementor-widget-container\">\n\t\t\t\t\t\t\t\t\t\t\t\t\t\t\t<img fetchpriority=\"high\" decoding=\"async\" width=\"1024\" height=\"1024\" src=\"https:\/\/www.majt-lille.org\/V2\/wp-content\/uploads\/2024\/06\/espace-commun-1024x1024.jpg\" class=\"attachment-large size-large wp-image-3900\" alt=\"Espace collectif d&#039;un Habitat jeunes \u00e0 Lille\" srcset=\"https:\/\/www.majt-lille.org\/V2\/wp-content\/uploads\/2024\/06\/espace-commun-1024x1024.jpg 1024w, https:\/\/www.majt-lille.org\/V2\/wp-content\/uploads\/2024\/06\/espace-commun-300x300.jpg 300w, https:\/\/www.majt-lille.org\/V2\/wp-content\/uploads\/2024\/06\/espace-commun-150x150.jpg 150w, https:\/\/www.majt-lille.org\/V2\/wp-content\/uploads\/2024\/06\/espace-commun-768x768.jpg 768w, https:\/\/www.majt-lille.org\/V2\/wp-content\/uploads\/2024\/06\/espace-commun-230x230.jpg 230w, https:\/\/www.majt-lille.org\/V2\/wp-content\/uploads\/2024\/06\/espace-commun-400x400.jpg 400w, https:\/\/www.majt-lille.org\/V2\/wp-content\/uploads\/2024\/06\/espace-commun-600x600.jpg 600w, https:\/\/www.majt-lille.org\/V2\/wp-content\/uploads\/2024\/06\/espace-commun-640x640.jpg 640w, https:\/\/www.majt-lille.org\/V2\/wp-content\/uploads\/2024\/06\/espace-commun.jpg 1080w\" sizes=\"(max-width: 1024px) 100vw, 1024px\" \/>\t\t\t\t\t\t\t\t\t\t\t\t\t\t\t<\/div>\n\t\t\t\t<\/div>\n\t\t\t\t\t<\/div>\n\t\t<\/div>\n\t\t\t\t<div class=\"elementor-column elementor-col-50 elementor-top-column elementor-element elementor-element-15c0b43\" data-id=\"15c0b43\" data-element_type=\"column\">\n\t\t\t<div class=\"elementor-widget-wrap elementor-element-populated\">\n\t\t\t\t\t\t<div class=\"elementor-element elementor-element-3aa4397 elementor-widget elementor-widget-image\" data-id=\"3aa4397\" data-element_type=\"widget\" data-widget_type=\"image.default\">\n\t\t\t\t<div class=\"elementor-widget-container\">\n\t\t\t\t\t\t\t\t\t\t\t\t\t\t\t<img decoding=\"async\" width=\"1024\" height=\"1024\" src=\"https:\/\/www.majt-lille.org\/V2\/wp-content\/uploads\/2024\/06\/chambre-atrihome-1024x1024.jpg\" class=\"attachment-large size-large wp-image-3899\" alt=\"Chambre \u00e9tudiant \u00e0 Lille\" srcset=\"https:\/\/www.majt-lille.org\/V2\/wp-content\/uploads\/2024\/06\/chambre-atrihome-1024x1024.jpg 1024w, https:\/\/www.majt-lille.org\/V2\/wp-content\/uploads\/2024\/06\/chambre-atrihome-300x300.jpg 300w, https:\/\/www.majt-lille.org\/V2\/wp-content\/uploads\/2024\/06\/chambre-atrihome-150x150.jpg 150w, https:\/\/www.majt-lille.org\/V2\/wp-content\/uploads\/2024\/06\/chambre-atrihome-768x768.jpg 768w, https:\/\/www.majt-lille.org\/V2\/wp-content\/uploads\/2024\/06\/chambre-atrihome-230x230.jpg 230w, https:\/\/www.majt-lille.org\/V2\/wp-content\/uploads\/2024\/06\/chambre-atrihome-400x400.jpg 400w, https:\/\/www.majt-lille.org\/V2\/wp-content\/uploads\/2024\/06\/chambre-atrihome-600x600.jpg 600w, https:\/\/www.majt-lille.org\/V2\/wp-content\/uploads\/2024\/06\/chambre-atrihome-640x640.jpg 640w, https:\/\/www.majt-lille.org\/V2\/wp-content\/uploads\/2024\/06\/chambre-atrihome.jpg 1080w\" sizes=\"(max-width: 1024px) 100vw, 1024px\" \/>\t\t\t\t\t\t\t\t\t\t\t\t\t\t\t<\/div>\n\t\t\t\t<\/div>\n\t\t\t\t\t<\/div>\n\t\t<\/div>\n\t\t\t\t\t<\/div>\n\t\t<\/section>\n\t\t\t\t<section class=\"elementor-section elementor-top-section elementor-element elementor-element-7410969a elementor-section-boxed elementor-section-height-default elementor-section-height-default\" data-id=\"7410969a\" data-element_type=\"section\" data-settings=\"{&quot;jet_parallax_layout_list&quot;:[]}\">\n\t\t\t\t\t\t<div class=\"elementor-container elementor-column-gap-default\">\n\t\t\t\t\t<div class=\"elementor-column elementor-col-100 elementor-top-column elementor-element elementor-element-6c98b933\" data-id=\"6c98b933\" data-element_type=\"column\">\n\t\t\t<div class=\"elementor-widget-wrap elementor-element-populated\">\n\t\t\t\t\t\t<div class=\"elementor-element elementor-element-1f7f7e03 elementor-widget elementor-widget-heading\" data-id=\"1f7f7e03\" data-element_type=\"widget\" data-widget_type=\"heading.default\">\n\t\t\t\t<div class=\"elementor-widget-container\">\n\t\t\t\t\t<h2 class=\"elementor-heading-title elementor-size-default\">Retours <span>des b\u00e9n\u00e9ficiaires<\/span><\/h2>\t\t\t\t<\/div>\n\t\t\t\t<\/div>\n\t\t\t\t<div class=\"elementor-element elementor-element-3109514f elementor-widget elementor-widget-text-editor\" data-id=\"3109514f\" data-element_type=\"widget\" data-widget_type=\"text-editor.default\">\n\t\t\t\t<div class=\"elementor-widget-container\">\n\t\t\t\t\t\t\t\t\t<p>Sur l&rsquo;ann\u00e9e 2023, <strong>22 jeunes<\/strong> ont b\u00e9n\u00e9fici\u00e9 des logements \u00ab SAS \u00bb gr\u00e2ce au projet PLEDJ, et 6 d\u2019entre eux ont int\u00e9gr\u00e9 l\u2019une des r\u00e9sidences de la MAJT par la suite.<\/p><p>Voici quelques-unes de leurs r\u00e9actions\u00a0:<\/p>\t\t\t\t\t\t\t\t<\/div>\n\t\t\t\t<\/div>\n\t\t\t\t\t<\/div>\n\t\t<\/div>\n\t\t\t\t\t<\/div>\n\t\t<\/section>\n\t\t\t\t<section class=\"elementor-section elementor-top-section elementor-element elementor-element-5c3fc1db elementor-section-boxed elementor-section-height-default elementor-section-height-default\" data-id=\"5c3fc1db\" data-element_type=\"section\" data-settings=\"{&quot;jet_parallax_layout_list&quot;:[]}\">\n\t\t\t\t\t\t<div class=\"elementor-container elementor-column-gap-default\">\n\t\t\t\t\t<div class=\"elementor-column elementor-col-100 elementor-top-column elementor-element elementor-element-7c99d7de\" data-id=\"7c99d7de\" data-element_type=\"column\">\n\t\t\t<div class=\"elementor-widget-wrap elementor-element-populated\">\n\t\t\t\t\t\t<div class=\"elementor-element elementor-element-084fb2a elementor-widget elementor-widget-text-editor\" data-id=\"084fb2a\" data-element_type=\"widget\" data-widget_type=\"text-editor.default\">\n\t\t\t\t<div class=\"elementor-widget-container\">\n\t\t\t\t\t\t\t\t\t<h4><strong><em>\u00ab Apr\u00e8s avoir rencontr\u00e9 de grosses difficult\u00e9s familiales qui m\u2019ont conduit \u00e0 vivre dans la rue, la solution de la place SAS a \u00e9t\u00e9 une main tendue pour moi. Aujourd\u2019hui je dois beaucoup au dispositif PLEDJ et \u00e0 l\u2019Atrihome (ndlr\u00a0: r\u00e9sidence de la MAJT) d\u2019avoir eu confiance en moi et de m\u2019accompagner dans mes diff\u00e9rentes d\u00e9marches\u00a0\u00bb &#8211;<\/em><\/strong> <em>Monsieur V \u2013 qui a la suite des 15 jours en SAS a pu int\u00e9grer le FJT Atrihome. Le jeune homme a su se mobiliser et tirer profit du projet, aujourd\u2019hui il est salari\u00e9 en contrat d\u2019apprentissage.<\/em><\/h4>\t\t\t\t\t\t\t\t<\/div>\n\t\t\t\t<\/div>\n\t\t\t\t\t<\/div>\n\t\t<\/div>\n\t\t\t\t\t<\/div>\n\t\t<\/section>\n\t\t\t\t<section class=\"elementor-section elementor-top-section elementor-element elementor-element-d760d57 elementor-section-boxed elementor-section-height-default elementor-section-height-default\" data-id=\"d760d57\" data-element_type=\"section\" data-settings=\"{&quot;jet_parallax_layout_list&quot;:[]}\">\n\t\t\t\t\t\t<div class=\"elementor-container elementor-column-gap-default\">\n\t\t\t\t\t<div class=\"elementor-column elementor-col-100 elementor-top-column elementor-element elementor-element-a8a5bd8\" data-id=\"a8a5bd8\" data-element_type=\"column\">\n\t\t\t<div class=\"elementor-widget-wrap elementor-element-populated\">\n\t\t\t\t\t\t<div class=\"elementor-element elementor-element-60fe663 elementor-widget elementor-widget-text-editor\" data-id=\"60fe663\" data-element_type=\"widget\" data-widget_type=\"text-editor.default\">\n\t\t\t\t<div class=\"elementor-widget-container\">\n\t\t\t\t\t\t\t\t\t<h4><strong><em>\u00ab Je remercie beaucoup tous les travailleurs sociaux que j\u2019ai pu croiser depuis mon arriv\u00e9e sur le dispositif PLEDJ\u00a0! Ma situation \u00e9tait compliqu\u00e9e sur beaucoup d\u2019aspects, notamment sur le volet \u00a0administratif car je n\u2019avais pas de titre de s\u00e9jour valide mais \u00e9galement pour \u00a0le logement car je dormais \u00e0 la gare de Lille. Aujourd\u2019hui, je suis en possession d\u2019un titre de s\u00e9jour, j\u2019ai sign\u00e9 un CDI en tant que cuisinier et j\u2019ai pu avoir mon propre studio sur la r\u00e9sidence Atrihome. Je n\u2019aurais pas r\u00eav\u00e9 mieux\u00a0!!\u00a0\u00bb <\/em><\/strong><em>&#8211; Monsieur S<\/em><\/h4>\t\t\t\t\t\t\t\t<\/div>\n\t\t\t\t<\/div>\n\t\t\t\t\t<\/div>\n\t\t<\/div>\n\t\t\t\t\t<\/div>\n\t\t<\/section>\n\t\t\t\t<section class=\"elementor-section elementor-top-section elementor-element elementor-element-c226572 elementor-section-boxed elementor-section-height-default elementor-section-height-default\" data-id=\"c226572\" data-element_type=\"section\" data-settings=\"{&quot;jet_parallax_layout_list&quot;:[]}\">\n\t\t\t\t\t\t<div class=\"elementor-container elementor-column-gap-default\">\n\t\t\t\t\t<div class=\"elementor-column elementor-col-100 elementor-top-column elementor-element elementor-element-c567300\" data-id=\"c567300\" data-element_type=\"column\">\n\t\t\t<div class=\"elementor-widget-wrap elementor-element-populated\">\n\t\t\t\t\t\t<div class=\"elementor-element elementor-element-7ad93ef elementor-widget elementor-widget-text-editor\" data-id=\"7ad93ef\" data-element_type=\"widget\" data-widget_type=\"text-editor.default\">\n\t\t\t\t<div class=\"elementor-widget-container\">\n\t\t\t\t\t\t\t\t\t<h4><strong><em>\u00ab\u00a0Je conseille \u00e0 tout le monde de passer par le SAS, cela m\u2019a permis d\u2019avoir un endroit calme o\u00f9 me poser et d\u2019\u00eatre en s\u00e9curit\u00e9. Mon passage par la rue a \u00e9t\u00e9 rude, c\u2019est de la survie\u00a0!\u00a0 Depuis mon entr\u00e9e au SAS, je mange \u00e0 chaque repas, je rencontre des gens et je sais o\u00f9 je vais dormir le soir\u00a0!! J\u2019ai beaucoup plus de temps pour me concentrer sur mes projets pro\u00a0\u00bb <\/em><\/strong><em>Monsieur X \u2013 Accueilli sur le SAS et d\u00e9sormais h\u00e9berg\u00e9 chez Ar\u00e9li. <\/em><\/h4>\t\t\t\t\t\t\t\t<\/div>\n\t\t\t\t<\/div>\n\t\t\t\t\t<\/div>\n\t\t<\/div>\n\t\t\t\t\t<\/div>\n\t\t<\/section>\n\t\t\t\t<section class=\"elementor-section elementor-top-section elementor-element elementor-element-e60794c elementor-section-boxed elementor-section-height-default elementor-section-height-default\" data-id=\"e60794c\" data-element_type=\"section\" data-settings=\"{&quot;jet_parallax_layout_list&quot;:[]}\">\n\t\t\t\t\t\t<div class=\"elementor-container elementor-column-gap-default\">\n\t\t\t\t\t<div class=\"elementor-column elementor-col-100 elementor-top-column elementor-element elementor-element-c1637ec\" data-id=\"c1637ec\" data-element_type=\"column\">\n\t\t\t<div class=\"elementor-widget-wrap elementor-element-populated\">\n\t\t\t\t\t\t<div class=\"elementor-element elementor-element-6c37b59 elementor-widget elementor-widget-text-editor\" data-id=\"6c37b59\" data-element_type=\"widget\" data-widget_type=\"text-editor.default\">\n\t\t\t\t<div class=\"elementor-widget-container\">\n\t\t\t\t\t\t\t\t\t<p>Fort de cette exp\u00e9rience et des retours positifs du projet PLEDJ, la MAJT ne s\u2019est pas arr\u00eat\u00e9e en si bon chemin. Depuis septembre 2023, deux nouvelles places SAS ont \u00e9t\u00e9 cr\u00e9\u00e9es et permettent d\u2019h\u00e9berger jusqu\u2019\u00e0 un mois des jeunes orient\u00e9s directement par la Mission Locale Ad\u00e9lie.<\/p><p>\u00a0<\/p><p>D\u2019octobre \u00e0 d\u00e9cembre 2023, <b>12 jeunes ont pu \u00eatre accueillis dans le cadre de cette collaboration et 6 ont int\u00e9gr\u00e9 ensuite la MAJT. Suite \u00e0 cette r\u00e9ussite, il a \u00e9t\u00e9 d\u00e9cid\u00e9 de poursuivre ce projet jusque d\u00e9cembre 2024.<\/b><\/p>\t\t\t\t\t\t\t\t<\/div>\n\t\t\t\t<\/div>\n\t\t\t\t\t<\/div>\n\t\t<\/div>\n\t\t\t\t\t<\/div>\n\t\t<\/section>\n\t\t\t\t<\/div>\n\t\t","protected":false},"excerpt":{"rendered":"<p>Depuis mars 2023, l\u2019association MAJT met \u00e0 disposition des places d\u2019accueil temporaire destin\u00e9es aux jeunes en rupture \u00e0 travers le projet PLEDJ (Parcours Logement et Emploi Des Jeunes). Ce projet, [&hellip;]<\/p>\n","protected":false},"author":6,"featured_media":3900,"comment_status":"closed","ping_status":"closed","sticky":false,"template":"","format":"standard","meta":{"_price":"","_stock":"","_tribe_ticket_header":"","_tribe_default_ticket_provider":"","_tribe_ticket_capacity":"0","_ticket_start_date":"","_ticket_end_date":"","_tribe_ticket_show_description":"","_tribe_ticket_show_not_going":false,"_tribe_ticket_use_global_stock":"","_tribe_ticket_global_stock_level":"","_global_stock_mode":"","_global_stock_cap":"","_tribe_rsvp_for_event":"","_tribe_ticket_going_count":"","_tribe_ticket_not_going_count":"","_tribe_tickets_list":"[]","_tribe_ticket_has_attendee_info_fields":false,"_jetpack_memberships_contains_paid_content":false,"footnotes":""},"categories":[12],"tags":[],"class_list":["post-3962","post","type-post","status-publish","format-standard","has-post-thumbnail","hentry","category-fonctionnement"],"jetpack_featured_media_url":"https:\/\/www.majt-lille.org\/V2\/wp-content\/uploads\/2024\/06\/espace-commun.jpg","jetpack_sharing_enabled":true,"_links":{"self":[{"href":"https:\/\/www.majt-lille.org\/V2\/wp-json\/wp\/v2\/posts\/3962","targetHints":{"allow":["GET"]}}],"collection":[{"href":"https:\/\/www.majt-lille.org\/V2\/wp-json\/wp\/v2\/posts"}],"about":[{"href":"https:\/\/www.majt-lille.org\/V2\/wp-json\/wp\/v2\/types\/post"}],"author":[{"embeddable":true,"href":"https:\/\/www.majt-lille.org\/V2\/wp-json\/wp\/v2\/users\/6"}],"replies":[{"embeddable":true,"href":"https:\/\/www.majt-lille.org\/V2\/wp-json\/wp\/v2\/comments?post=3962"}],"version-history":[{"count":11,"href":"https:\/\/www.majt-lille.org\/V2\/wp-json\/wp\/v2\/posts\/3962\/revisions"}],"predecessor-version":[{"id":3988,"href":"https:\/\/www.majt-lille.org\/V2\/wp-json\/wp\/v2\/posts\/3962\/revisions\/3988"}],"wp:featuredmedia":[{"embeddable":true,"href":"https:\/\/www.majt-lille.org\/V2\/wp-json\/wp\/v2\/media\/3900"}],"wp:attachment":[{"href":"https:\/\/www.majt-lille.org\/V2\/wp-json\/wp\/v2\/media?parent=3962"}],"wp:term":[{"taxonomy":"category","embeddable":true,"href":"https:\/\/www.majt-lille.org\/V2\/wp-json\/wp\/v2\/categories?post=3962"},{"taxonomy":"post_tag","embeddable":true,"href":"https:\/\/www.majt-lille.org\/V2\/wp-json\/wp\/v2\/tags?post=3962"}],"curies":[{"name":"wp","href":"https:\/\/api.w.org\/{rel}","templated":true}]}}