{"id":5362,"date":"2025-07-22T10:00:10","date_gmt":"2025-07-22T08:00:10","guid":{"rendered":"https:\/\/www.majt-lille.org\/V2\/?p=5362"},"modified":"2025-07-29T11:09:54","modified_gmt":"2025-07-29T09:09:54","slug":"37-places-transferees","status":"publish","type":"post","link":"https:\/\/www.majt-lille.org\/V2\/37-places-transferees\/","title":{"rendered":"37 places\u00a0transf\u00e9r\u00e9es pour mieux accueillir"},"content":{"rendered":"\t\t<div data-elementor-type=\"wp-post\" data-elementor-id=\"5362\" class=\"elementor elementor-5362\">\n\t\t\t\t\t\t<section class=\"elementor-section elementor-top-section elementor-element elementor-element-c2fb8ea elementor-section-boxed elementor-section-height-default elementor-section-height-default\" data-id=\"c2fb8ea\" data-element_type=\"section\" data-settings=\"{&quot;jet_parallax_layout_list&quot;:[]}\">\n\t\t\t\t\t\t<div class=\"elementor-container elementor-column-gap-default\">\n\t\t\t\t\t<div class=\"elementor-column elementor-col-100 elementor-top-column elementor-element elementor-element-6d61f9a\" data-id=\"6d61f9a\" data-element_type=\"column\">\n\t\t\t<div class=\"elementor-widget-wrap elementor-element-populated\">\n\t\t\t\t\t\t<div class=\"elementor-element elementor-element-30e0793 elementor-widget elementor-widget-text-editor\" data-id=\"30e0793\" data-element_type=\"widget\" data-widget_type=\"text-editor.default\">\n\t\t\t\t<div class=\"elementor-widget-container\">\n\t\t\t\t\t\t\t\t\t<p data-start=\"353\" data-end=\"562\"><em><strong>Depuis plusieurs ann\u00e9es, la R\u00e9sidence Habitat Jeunes Thumesnil \u00e0 Lille suscite des pr\u00e9occupations. Lieu historique de la MAJT, elle souffre aujourd\u2019hui de v\u00e9tust\u00e9 et d\u2019une offre d\u2019h\u00e9bergement devenue obsol\u00e8te.<\/strong><\/em><\/p>\t\t\t\t\t\t\t\t<\/div>\n\t\t\t\t<\/div>\n\t\t\t\t\t<\/div>\n\t\t<\/div>\n\t\t\t\t\t<\/div>\n\t\t<\/section>\n\t\t\t\t<section class=\"elementor-section elementor-top-section elementor-element elementor-element-3c0521b2 elementor-section-boxed elementor-section-height-default elementor-section-height-default\" data-id=\"3c0521b2\" data-element_type=\"section\" data-settings=\"{&quot;jet_parallax_layout_list&quot;:[]}\">\n\t\t\t\t\t\t<div class=\"elementor-container elementor-column-gap-default\">\n\t\t\t\t\t<div class=\"elementor-column elementor-col-100 elementor-top-column elementor-element elementor-element-5cd672bd\" data-id=\"5cd672bd\" data-element_type=\"column\">\n\t\t\t<div class=\"elementor-widget-wrap elementor-element-populated\">\n\t\t\t\t\t\t<div class=\"elementor-element elementor-element-6abb2817 elementor-widget elementor-widget-heading\" data-id=\"6abb2817\" data-element_type=\"widget\" data-widget_type=\"heading.default\">\n\t\t\t\t<div class=\"elementor-widget-container\">\n\t\t\t\t\t<h2 class=\"elementor-heading-title elementor-size-default\">Un constat <span>partag\u00e9<\/span><\/h2>\t\t\t\t<\/div>\n\t\t\t\t<\/div>\n\t\t\t\t\t<\/div>\n\t\t<\/div>\n\t\t\t\t\t<\/div>\n\t\t<\/section>\n\t\t\t\t<section class=\"elementor-section elementor-top-section elementor-element elementor-element-765e632 elementor-section-boxed elementor-section-height-default elementor-section-height-default\" data-id=\"765e632\" data-element_type=\"section\" data-settings=\"{&quot;jet_parallax_layout_list&quot;:[]}\">\n\t\t\t\t\t\t<div class=\"elementor-container elementor-column-gap-default\">\n\t\t\t\t\t<div class=\"elementor-column elementor-col-100 elementor-top-column elementor-element elementor-element-eef625f\" data-id=\"eef625f\" data-element_type=\"column\">\n\t\t\t<div class=\"elementor-widget-wrap elementor-element-populated\">\n\t\t\t\t\t\t<div class=\"elementor-element elementor-element-d923908 elementor-widget elementor-widget-text-editor\" data-id=\"d923908\" data-element_type=\"widget\" data-widget_type=\"text-editor.default\">\n\t\t\t\t<div class=\"elementor-widget-container\">\n\t\t\t\t\t\t\t\t\t<p data-start=\"869\" data-end=\"1131\">Cette situation pr\u00e9occupante est partag\u00e9e par la Ville de Lille, VILOGIA, les services de l\u2019\u00c9tat et du D\u00e9partement, r\u00e9unis au sein d\u2019un comit\u00e9 de pilotage d\u00e9di\u00e9 \u00e0 la relocalisation du site. En 2024, la MAJT a pris des d\u00e9cisions fortes pour r\u00e9pondre \u00e0 ces enjeux.<\/p><p data-start=\"1133\" data-end=\"1360\">Le Conseil d\u2019Administration, insatisfait par les conditions d\u2019accueil de jeunes en grande pr\u00e9carit\u00e9 et face \u00e0 des probl\u00e8mes techniques croissants dans le b\u00e2timent, a ent\u00e9rin\u00e9 la fermeture compl\u00e8te d\u2019un \u00e9tage au 30 septembre 2024.<\/p><p data-start=\"1133\" data-end=\"1360\">La MAJT a proc\u00e9d\u00e9 \u00e0 une r\u00e9organisation de ses r\u00e9sidences habitat jeunes en 2024-2025 avec la fermeture compl\u00e8te d&rsquo;un \u00e9tage pour transf\u00e9rer 37 places vers la r\u00e9sidence Atrihome, portant sa capacit\u00e9 de 138 \u00e0 175 places au 1er juillet 2025.<\/p>\t\t\t\t\t\t\t\t<\/div>\n\t\t\t\t<\/div>\n\t\t\t\t\t<\/div>\n\t\t<\/div>\n\t\t\t\t\t<\/div>\n\t\t<\/section>\n\t\t\t\t<section class=\"elementor-section elementor-top-section elementor-element elementor-element-5239441 elementor-section-boxed elementor-section-height-default elementor-section-height-default\" data-id=\"5239441\" data-element_type=\"section\" data-settings=\"{&quot;jet_parallax_layout_list&quot;:[]}\">\n\t\t\t\t\t\t<div class=\"elementor-container elementor-column-gap-default\">\n\t\t\t\t\t<div class=\"elementor-column elementor-col-100 elementor-top-column elementor-element elementor-element-054ba33\" data-id=\"054ba33\" data-element_type=\"column\">\n\t\t\t<div class=\"elementor-widget-wrap elementor-element-populated\">\n\t\t\t\t\t\t<div class=\"elementor-element elementor-element-1c36249 elementor-widget elementor-widget-heading\" data-id=\"1c36249\" data-element_type=\"widget\" data-widget_type=\"heading.default\">\n\t\t\t\t<div class=\"elementor-widget-container\">\n\t\t\t\t\t<h2 class=\"elementor-heading-title elementor-size-default\">9 mois pour un transfert <span>accompagn\u00e9 et r\u00e9ussi<\/span><\/h2>\t\t\t\t<\/div>\n\t\t\t\t<\/div>\n\t\t\t\t\t<\/div>\n\t\t<\/div>\n\t\t\t\t\t<\/div>\n\t\t<\/section>\n\t\t\t\t<section class=\"elementor-section elementor-top-section elementor-element elementor-element-e03ea35 elementor-section-boxed elementor-section-height-default elementor-section-height-default\" data-id=\"e03ea35\" data-element_type=\"section\" data-settings=\"{&quot;jet_parallax_layout_list&quot;:[]}\">\n\t\t\t\t\t\t<div class=\"elementor-container elementor-column-gap-default\">\n\t\t\t\t\t<div class=\"elementor-column elementor-col-100 elementor-top-column elementor-element elementor-element-134120a\" data-id=\"134120a\" data-element_type=\"column\">\n\t\t\t<div class=\"elementor-widget-wrap elementor-element-populated\">\n\t\t\t\t\t\t<div class=\"elementor-element elementor-element-942c3ac elementor-widget elementor-widget-text-editor\" data-id=\"942c3ac\" data-element_type=\"widget\" data-widget_type=\"text-editor.default\">\n\t\t\t\t<div class=\"elementor-widget-container\">\n\t\t\t\t\t\t\t\t\t<p data-start=\"1401\" data-end=\"1675\">Les 37 places donc lib\u00e9r\u00e9es ont \u00e9t\u00e9 transf\u00e9r\u00e9es progressivement vers l\u2019autre r\u00e9sidence de l\u2019association, situ\u00e9e au 11 rue Ab\u00e9lard \u00e0 Lille. Ce transfert s\u2019est accompagn\u00e9 d\u2019une transformation de logements \u00ab R\u00e9sidence Jeunes Actifs \u00bb en logements \u00ab R\u00e9sidence Habitat Jeunes\u00bb modifiant ainsi leur destination pour r\u00e9pondre ainsi \u00e0\u00a0<span style=\"font-size: 1.125rem; letter-spacing: 0px;\">l\u2019accueil, l\u2019h\u00e9bergement et l\u2019accompagnement des jeunes les plus en difficult\u00e9. Neuf mois ont \u00e9t\u00e9 n\u00e9cessaires pour finaliser les d\u00e9marches administratives li\u00e9es \u00e0 ce transfert.<\/span><\/p><p data-start=\"2011\" data-end=\"2249\">Nous avons \u00e0 c\u0153ur d\u2019exercer notre mission dans les meilleures conditions, afin d\u2019offrir un habitat valorisant aux jeunes que nous accompagnons. La R\u00e9sidence Habitat Jeunes Atrihome r\u00e9pond \u00e0 ces exigences et accueille d\u00e9sormais 175 jeunes.<\/p>\t\t\t\t\t\t\t\t<\/div>\n\t\t\t\t<\/div>\n\t\t\t\t\t<\/div>\n\t\t<\/div>\n\t\t\t\t\t<\/div>\n\t\t<\/section>\n\t\t\t\t<section class=\"elementor-section elementor-top-section elementor-element elementor-element-1bd9e87 elementor-section-boxed elementor-section-height-default elementor-section-height-default\" data-id=\"1bd9e87\" data-element_type=\"section\" data-settings=\"{&quot;jet_parallax_layout_list&quot;:[]}\">\n\t\t\t\t\t\t<div class=\"elementor-container elementor-column-gap-default\">\n\t\t\t\t\t<div class=\"elementor-column elementor-col-100 elementor-top-column elementor-element elementor-element-20be8de\" data-id=\"20be8de\" data-element_type=\"column\">\n\t\t\t<div class=\"elementor-widget-wrap elementor-element-populated\">\n\t\t\t\t\t\t<div class=\"elementor-element elementor-element-f4ccf59 elementor-widget elementor-widget-heading\" data-id=\"f4ccf59\" data-element_type=\"widget\" data-widget_type=\"heading.default\">\n\t\t\t\t<div class=\"elementor-widget-container\">\n\t\t\t\t\t<h2 class=\"elementor-heading-title elementor-size-default\">Une relocalisation <span>toujours \u00e0 l'\u00e9tude<\/span><\/h2>\t\t\t\t<\/div>\n\t\t\t\t<\/div>\n\t\t\t\t\t<\/div>\n\t\t<\/div>\n\t\t\t\t\t<\/div>\n\t\t<\/section>\n\t\t\t\t<section class=\"elementor-section elementor-top-section elementor-element elementor-element-3a0e0f7 elementor-section-boxed elementor-section-height-default elementor-section-height-default\" data-id=\"3a0e0f7\" data-element_type=\"section\" data-settings=\"{&quot;jet_parallax_layout_list&quot;:[]}\">\n\t\t\t\t\t\t<div class=\"elementor-container elementor-column-gap-default\">\n\t\t\t\t\t<div class=\"elementor-column elementor-col-100 elementor-top-column elementor-element elementor-element-cc0c2b8\" data-id=\"cc0c2b8\" data-element_type=\"column\">\n\t\t\t<div class=\"elementor-widget-wrap elementor-element-populated\">\n\t\t\t\t\t\t<div class=\"elementor-element elementor-element-066eb5e elementor-widget elementor-widget-text-editor\" data-id=\"066eb5e\" data-element_type=\"widget\" data-widget_type=\"text-editor.default\">\n\t\t\t\t<div class=\"elementor-widget-container\">\n\t\t\t\t\t\t\t\t\t<p data-start=\"2294\" data-end=\"2514\">N\u00e9anmoins, la relocalisation de la R\u00e9sidence Thumesnil demeure une priorit\u00e9. Le site continue d\u2019offrir 111 places d\u2019h\u00e9bergement, et l\u2019association a fait le choix d\u2019y maintenir l\u2019ensemble de ses services \u00e0 disposition des r\u00e9sidents.<\/p><p data-start=\"2516\" data-end=\"2625\"><b>Des projets de relocalisation sont actuellement \u00e0 l\u2019\u00e9tude. Ils feront l\u2019objet d\u2019une communication ult\u00e9rieure.<\/b><\/p>\t\t\t\t\t\t\t\t<\/div>\n\t\t\t\t<\/div>\n\t\t\t\t\t<\/div>\n\t\t<\/div>\n\t\t\t\t\t<\/div>\n\t\t<\/section>\n\t\t\t\t<\/div>\n\t\t","protected":false},"excerpt":{"rendered":"<p>Depuis plusieurs ann\u00e9es, la R\u00e9sidence Habitat Jeunes Thumesnil \u00e0 Lille suscite des pr\u00e9occupations. Lieu historique de la MAJT, elle souffre aujourd\u2019hui de v\u00e9tust\u00e9 et d\u2019une offre d\u2019h\u00e9bergement devenue obsol\u00e8te. Un [&hellip;]<\/p>\n","protected":false},"author":7,"featured_media":5426,"comment_status":"closed","ping_status":"closed","sticky":false,"template":"","format":"standard","meta":{"_price":"","_stock":"","_tribe_ticket_header":"","_tribe_default_ticket_provider":"","_tribe_ticket_capacity":"0","_ticket_start_date":"","_ticket_end_date":"","_tribe_ticket_show_description":"","_tribe_ticket_show_not_going":false,"_tribe_ticket_use_global_stock":"","_tribe_ticket_global_stock_level":"","_global_stock_mode":"","_global_stock_cap":"","_tribe_rsvp_for_event":"","_tribe_ticket_going_count":"","_tribe_ticket_not_going_count":"","_tribe_tickets_list":"[]","_tribe_ticket_has_attendee_info_fields":false,"_jetpack_memberships_contains_paid_content":false,"footnotes":""},"categories":[12],"tags":[],"class_list":["post-5362","post","type-post","status-publish","format-standard","has-post-thumbnail","hentry","category-fonctionnement"],"jetpack_featured_media_url":"https:\/\/www.majt-lille.org\/V2\/wp-content\/uploads\/2025\/07\/visuel.jpg","jetpack_sharing_enabled":true,"_links":{"self":[{"href":"https:\/\/www.majt-lille.org\/V2\/wp-json\/wp\/v2\/posts\/5362","targetHints":{"allow":["GET"]}}],"collection":[{"href":"https:\/\/www.majt-lille.org\/V2\/wp-json\/wp\/v2\/posts"}],"about":[{"href":"https:\/\/www.majt-lille.org\/V2\/wp-json\/wp\/v2\/types\/post"}],"author":[{"embeddable":true,"href":"https:\/\/www.majt-lille.org\/V2\/wp-json\/wp\/v2\/users\/7"}],"replies":[{"embeddable":true,"href":"https:\/\/www.majt-lille.org\/V2\/wp-json\/wp\/v2\/comments?post=5362"}],"version-history":[{"count":27,"href":"https:\/\/www.majt-lille.org\/V2\/wp-json\/wp\/v2\/posts\/5362\/revisions"}],"predecessor-version":[{"id":5490,"href":"https:\/\/www.majt-lille.org\/V2\/wp-json\/wp\/v2\/posts\/5362\/revisions\/5490"}],"wp:featuredmedia":[{"embeddable":true,"href":"https:\/\/www.majt-lille.org\/V2\/wp-json\/wp\/v2\/media\/5426"}],"wp:attachment":[{"href":"https:\/\/www.majt-lille.org\/V2\/wp-json\/wp\/v2\/media?parent=5362"}],"wp:term":[{"taxonomy":"category","embeddable":true,"href":"https:\/\/www.majt-lille.org\/V2\/wp-json\/wp\/v2\/categories?post=5362"},{"taxonomy":"post_tag","embeddable":true,"href":"https:\/\/www.majt-lille.org\/V2\/wp-json\/wp\/v2\/tags?post=5362"}],"curies":[{"name":"wp","href":"https:\/\/api.w.org\/{rel}","templated":true}]}}