{"id":5372,"date":"2025-07-22T10:10:39","date_gmt":"2025-07-22T08:10:39","guid":{"rendered":"https:\/\/www.majt-lille.org\/V2\/?p=5372"},"modified":"2025-07-29T11:12:27","modified_gmt":"2025-07-29T09:12:27","slug":"chantier-de-bardage-derniere-ligne-droite","status":"publish","type":"post","link":"https:\/\/www.majt-lille.org\/V2\/chantier-de-bardage-derniere-ligne-droite\/","title":{"rendered":"La fin des travaux de bardage de la r\u00e9sidence Atrihome"},"content":{"rendered":"\t\t<div data-elementor-type=\"wp-post\" data-elementor-id=\"5372\" class=\"elementor elementor-5372\">\n\t\t\t\t\t\t<section class=\"elementor-section elementor-top-section elementor-element elementor-element-c113c7e elementor-section-boxed elementor-section-height-default elementor-section-height-default\" data-id=\"c113c7e\" data-element_type=\"section\" data-settings=\"{&quot;jet_parallax_layout_list&quot;:[]}\">\n\t\t\t\t\t\t<div class=\"elementor-container elementor-column-gap-default\">\n\t\t\t\t\t<div class=\"elementor-column elementor-col-100 elementor-top-column elementor-element elementor-element-3ebac2a\" data-id=\"3ebac2a\" data-element_type=\"column\">\n\t\t\t<div class=\"elementor-widget-wrap elementor-element-populated\">\n\t\t\t\t\t\t<div class=\"elementor-element elementor-element-ff2f640 elementor-widget elementor-widget-text-editor\" data-id=\"ff2f640\" data-element_type=\"widget\" data-widget_type=\"text-editor.default\">\n\t\t\t\t<div class=\"elementor-widget-container\">\n\t\t\t\t\t\t\t\t\t<p><em><strong>Le bardage en bois pos\u00e9 lors de la construction de la r\u00e9sidence Atrihome a \u00e9t\u00e9 identifi\u00e9 comme probl\u00e9matique lors de l\u2019expertise des b\u00e2timents. Ce bardage devait \u00eatre d\u00e9pos\u00e9 et remplac\u00e9. <\/strong><\/em><em><strong>Apr\u00e8s nombre de r\u00e9unions, d\u2019\u00e9changes, un projet a \u00e9t\u00e9 valid\u00e9 par l\u2019ensemble des parties prenantes et le <\/strong><\/em><em><strong>chantier a d\u00e9marr\u00e9 le 3 novembre 2024.<\/strong><\/em><\/p>\t\t\t\t\t\t\t\t<\/div>\n\t\t\t\t<\/div>\n\t\t\t\t\t<\/div>\n\t\t<\/div>\n\t\t\t\t\t<\/div>\n\t\t<\/section>\n\t\t\t\t<section class=\"elementor-section elementor-top-section elementor-element elementor-element-faa9c77 elementor-section-boxed elementor-section-height-default elementor-section-height-default\" data-id=\"faa9c77\" data-element_type=\"section\" data-settings=\"{&quot;jet_parallax_layout_list&quot;:[]}\">\n\t\t\t\t\t\t<div class=\"elementor-container elementor-column-gap-default\">\n\t\t\t\t\t<div class=\"elementor-column elementor-col-100 elementor-top-column elementor-element elementor-element-343e2ee\" data-id=\"343e2ee\" data-element_type=\"column\">\n\t\t\t<div class=\"elementor-widget-wrap elementor-element-populated\">\n\t\t\t\t\t\t<div class=\"elementor-element elementor-element-4be5b70 elementor-widget elementor-widget-heading\" data-id=\"4be5b70\" data-element_type=\"widget\" data-widget_type=\"heading.default\">\n\t\t\t\t<div class=\"elementor-widget-container\">\n\t\t\t\t\t<h2 class=\"elementor-heading-title elementor-size-default\">Neuf <span>mois<\/span><\/h2>\t\t\t\t<\/div>\n\t\t\t\t<\/div>\n\t\t\t\t\t<\/div>\n\t\t<\/div>\n\t\t\t\t\t<\/div>\n\t\t<\/section>\n\t\t\t\t<section class=\"elementor-section elementor-top-section elementor-element elementor-element-b1c8381 elementor-section-boxed elementor-section-height-default elementor-section-height-default\" data-id=\"b1c8381\" data-element_type=\"section\" data-settings=\"{&quot;jet_parallax_layout_list&quot;:[]}\">\n\t\t\t\t\t\t<div class=\"elementor-container elementor-column-gap-default\">\n\t\t\t\t\t<div class=\"elementor-column elementor-col-100 elementor-top-column elementor-element elementor-element-926aefa\" data-id=\"926aefa\" data-element_type=\"column\">\n\t\t\t<div class=\"elementor-widget-wrap elementor-element-populated\">\n\t\t\t\t\t\t<div class=\"elementor-element elementor-element-f6502fa elementor-widget elementor-widget-text-editor\" data-id=\"f6502fa\" data-element_type=\"widget\" data-widget_type=\"text-editor.default\">\n\t\t\t\t<div class=\"elementor-widget-container\">\n\t\t\t\t\t\t\t\t\t<p>Tout au long du projet, des r\u00e9unions de chantier ont \u00e9t\u00e9 tenues, r\u00e9unissant les \u00e9quipes techniques, les prestataires et les repr\u00e9sentants du projet. Ces rencontres r\u00e9guli\u00e8res ont permis d&rsquo;assurer un suivi rigoureux de l\u2019avancement, de contr\u00f4ler la qualit\u00e9 des travaux r\u00e9alis\u00e9s, et de prendre les d\u00e9cisions n\u00e9cessaires. Des ajustements techniques et logistiques ont caus\u00e9s quelques retards.<\/p><p>La fin du chantier se poursuit.\u00a0Cette derni\u00e8re \u00e9tape comprendra la remise en \u00e9tat des patios, la repose des grilles et la restitution attendue des espaces parking mobilis\u00e9s.<\/p>\t\t\t\t\t\t\t\t<\/div>\n\t\t\t\t<\/div>\n\t\t\t\t\t<\/div>\n\t\t<\/div>\n\t\t\t\t\t<\/div>\n\t\t<\/section>\n\t\t\t\t<section class=\"elementor-section elementor-top-section elementor-element elementor-element-e7ff2d6 elementor-section-boxed elementor-section-height-default elementor-section-height-default\" data-id=\"e7ff2d6\" data-element_type=\"section\" data-settings=\"{&quot;jet_parallax_layout_list&quot;:[]}\">\n\t\t\t\t\t\t<div class=\"elementor-container elementor-column-gap-default\">\n\t\t\t\t\t<div class=\"elementor-column elementor-col-100 elementor-top-column elementor-element elementor-element-7edee4f\" data-id=\"7edee4f\" data-element_type=\"column\">\n\t\t\t<div class=\"elementor-widget-wrap elementor-element-populated\">\n\t\t\t\t\t\t<div class=\"elementor-element elementor-element-1896a10 elementor-widget elementor-widget-heading\" data-id=\"1896a10\" data-element_type=\"widget\" data-widget_type=\"heading.default\">\n\t\t\t\t<div class=\"elementor-widget-container\">\n\t\t\t\t\t<h2 class=\"elementor-heading-title elementor-size-default\">Merci pour <span>votre patience<\/span><\/h2>\t\t\t\t<\/div>\n\t\t\t\t<\/div>\n\t\t\t\t\t<\/div>\n\t\t<\/div>\n\t\t\t\t\t<\/div>\n\t\t<\/section>\n\t\t\t\t<section class=\"elementor-section elementor-top-section elementor-element elementor-element-7f2a5c9 elementor-section-boxed elementor-section-height-default elementor-section-height-default\" data-id=\"7f2a5c9\" data-element_type=\"section\" data-settings=\"{&quot;jet_parallax_layout_list&quot;:[]}\">\n\t\t\t\t\t\t<div class=\"elementor-container elementor-column-gap-default\">\n\t\t\t\t\t<div class=\"elementor-column elementor-col-100 elementor-top-column elementor-element elementor-element-7bd2af8\" data-id=\"7bd2af8\" data-element_type=\"column\">\n\t\t\t<div class=\"elementor-widget-wrap elementor-element-populated\">\n\t\t\t\t\t\t<div class=\"elementor-element elementor-element-d938d9b elementor-widget elementor-widget-text-editor\" data-id=\"d938d9b\" data-element_type=\"widget\" data-widget_type=\"text-editor.default\">\n\t\t\t\t<div class=\"elementor-widget-container\">\n\t\t\t\t\t\t\t\t\t<p>Nuisances sonores, acc\u00e8s restreints, changements temporaires dans les espaces communs : ce chantier a occasionn\u00e9 des d\u00e9sagr\u00e9ments. L&rsquo;\u00e9quipe tient \u00e0 remercier sinc\u00e8rement l&rsquo;ensemble des r\u00e9sidents et usagers pour leur patience, leur compr\u00e9hension et leur coop\u00e9ration durant ces 9 mois.<\/p>\n<p><b style=\"font-size: 1.125rem; letter-spacing: 0px;\">Aujourd\u2019hui, nous nous r\u00e9jouissons tous de voir cette op\u00e9ration toucher \u00e0 sa fin.&nbsp;<span style=\"font-size: 1.125rem; letter-spacing: 0px;\">Cette op\u00e9ration longue mais n\u00e9cessaire permettra d&rsquo;assurer la p\u00e9rennit\u00e9 du b\u00e2timent tout en am\u00e9liorant son confort global. Un investissement dans l&rsquo;avenir qui b\u00e9n\u00e9ficiera \u00e0 tous les utilisateurs du site.<\/span><\/b><\/p>\t\t\t\t\t\t\t\t<\/div>\n\t\t\t\t<\/div>\n\t\t\t\t\t<\/div>\n\t\t<\/div>\n\t\t\t\t\t<\/div>\n\t\t<\/section>\n\t\t\t\t<\/div>\n\t\t","protected":false},"excerpt":{"rendered":"<p>Le bardage en bois pos\u00e9 lors de la construction de la r\u00e9sidence Atrihome a \u00e9t\u00e9 identifi\u00e9 comme probl\u00e9matique lors de l\u2019expertise des b\u00e2timents. Ce bardage devait \u00eatre d\u00e9pos\u00e9 et remplac\u00e9. [&hellip;]<\/p>\n","protected":false},"author":7,"featured_media":5377,"comment_status":"closed","ping_status":"closed","sticky":false,"template":"","format":"standard","meta":{"_price":"","_stock":"","_tribe_ticket_header":"","_tribe_default_ticket_provider":"","_tribe_ticket_capacity":"0","_ticket_start_date":"","_ticket_end_date":"","_tribe_ticket_show_description":"","_tribe_ticket_show_not_going":false,"_tribe_ticket_use_global_stock":"","_tribe_ticket_global_stock_level":"","_global_stock_mode":"","_global_stock_cap":"","_tribe_rsvp_for_event":"","_tribe_ticket_going_count":"","_tribe_ticket_not_going_count":"","_tribe_tickets_list":"[]","_tribe_ticket_has_attendee_info_fields":false,"_jetpack_memberships_contains_paid_content":false,"footnotes":""},"categories":[12,35],"tags":[],"class_list":["post-5372","post","type-post","status-publish","format-standard","has-post-thumbnail","hentry","category-fonctionnement","category-vie-des-residences"],"jetpack_featured_media_url":"https:\/\/www.majt-lille.org\/V2\/wp-content\/uploads\/2025\/07\/batiment-majt.webp","jetpack_sharing_enabled":true,"_links":{"self":[{"href":"https:\/\/www.majt-lille.org\/V2\/wp-json\/wp\/v2\/posts\/5372","targetHints":{"allow":["GET"]}}],"collection":[{"href":"https:\/\/www.majt-lille.org\/V2\/wp-json\/wp\/v2\/posts"}],"about":[{"href":"https:\/\/www.majt-lille.org\/V2\/wp-json\/wp\/v2\/types\/post"}],"author":[{"embeddable":true,"href":"https:\/\/www.majt-lille.org\/V2\/wp-json\/wp\/v2\/users\/7"}],"replies":[{"embeddable":true,"href":"https:\/\/www.majt-lille.org\/V2\/wp-json\/wp\/v2\/comments?post=5372"}],"version-history":[{"count":25,"href":"https:\/\/www.majt-lille.org\/V2\/wp-json\/wp\/v2\/posts\/5372\/revisions"}],"predecessor-version":[{"id":5494,"href":"https:\/\/www.majt-lille.org\/V2\/wp-json\/wp\/v2\/posts\/5372\/revisions\/5494"}],"wp:featuredmedia":[{"embeddable":true,"href":"https:\/\/www.majt-lille.org\/V2\/wp-json\/wp\/v2\/media\/5377"}],"wp:attachment":[{"href":"https:\/\/www.majt-lille.org\/V2\/wp-json\/wp\/v2\/media?parent=5372"}],"wp:term":[{"taxonomy":"category","embeddable":true,"href":"https:\/\/www.majt-lille.org\/V2\/wp-json\/wp\/v2\/categories?post=5372"},{"taxonomy":"post_tag","embeddable":true,"href":"https:\/\/www.majt-lille.org\/V2\/wp-json\/wp\/v2\/tags?post=5372"}],"curies":[{"name":"wp","href":"https:\/\/api.w.org\/{rel}","templated":true}]}}