{"id":5378,"date":"2025-07-22T10:43:36","date_gmt":"2025-07-22T08:43:36","guid":{"rendered":"https:\/\/www.majt-lille.org\/V2\/?p=5378"},"modified":"2025-07-29T11:12:49","modified_gmt":"2025-07-29T09:12:49","slug":"interview-sofiane-dahmani-president-du-cvs","status":"publish","type":"post","link":"https:\/\/www.majt-lille.org\/V2\/interview-sofiane-dahmani-president-du-cvs\/","title":{"rendered":"Interview Sofiane Dahmani, Pr\u00e9sident du CVS"},"content":{"rendered":"\t\t<div data-elementor-type=\"wp-post\" data-elementor-id=\"5378\" class=\"elementor elementor-5378\">\n\t\t\t\t\t\t<section class=\"elementor-section elementor-top-section elementor-element elementor-element-c30b2f7 elementor-section-boxed elementor-section-height-default elementor-section-height-default\" data-id=\"c30b2f7\" data-element_type=\"section\" data-settings=\"{&quot;jet_parallax_layout_list&quot;:[]}\">\n\t\t\t\t\t\t<div class=\"elementor-container elementor-column-gap-default\">\n\t\t\t\t\t<div class=\"elementor-column elementor-col-100 elementor-top-column elementor-element elementor-element-f7e0176\" data-id=\"f7e0176\" data-element_type=\"column\">\n\t\t\t<div class=\"elementor-widget-wrap elementor-element-populated\">\n\t\t\t\t\t\t<div class=\"elementor-element elementor-element-887e58e elementor-widget elementor-widget-text-editor\" data-id=\"887e58e\" data-element_type=\"widget\" data-widget_type=\"text-editor.default\">\n\t\t\t\t<div class=\"elementor-widget-container\">\n\t\t\t\t\t\t\t\t\t<p><em><strong>Bachelier fra\u00eechement dipl\u00f4m\u00e9 et futur \u00e9tudiant en classe pr\u00e9paratoire litt\u00e9raire, Sofiane Dahmani pr\u00e9side, depuis mars 2025, le Conseil de Vie Sociale (CVS) de la r\u00e9sidence Atrihome. \u00c0 seulement 18 ans, il porte la voix des r\u00e9sidents et \u0153uvre pour am\u00e9liorer leur cadre de vie.<\/strong><\/em><\/p><p data-start=\"687\" data-end=\"940\">Arriv\u00e9 \u00e0 Atrihome en octobre 2024, alors qu\u2019il \u00e9tait encore mineur, Sofiane s\u2019est rapidement investi dans la gouvernance participative de la r\u00e9sidence. \u00c9lu pr\u00e9sident du CVS quelques mois plus tard, il t\u00e9moigne ici de son engagement et de son exp\u00e9rience.<\/p>\t\t\t\t\t\t\t\t<\/div>\n\t\t\t\t<\/div>\n\t\t\t\t<div class=\"elementor-element elementor-element-b16e2ea elementor-widget elementor-widget-heading\" data-id=\"b16e2ea\" data-element_type=\"widget\" data-widget_type=\"heading.default\">\n\t\t\t\t<div class=\"elementor-widget-container\">\n\t\t\t\t\t<h2 class=\"elementor-heading-title elementor-size-default\">Qu\u2019est-ce qui t\u2019a motiv\u00e9 \u00e0 t\u2019impliquer dans <span>le Conseil de Vie Sociale ? <\/span><\/h2>\t\t\t\t<\/div>\n\t\t\t\t<\/div>\n\t\t\t\t<div class=\"elementor-element elementor-element-bcddab1 elementor-widget elementor-widget-text-editor\" data-id=\"bcddab1\" data-element_type=\"widget\" data-widget_type=\"text-editor.default\">\n\t\t\t\t<div class=\"elementor-widget-container\">\n\t\t\t\t\t\t\t\t\t<p><strong>Sofiane Dahmani : \u00ab\u00a0<\/strong> J\u2019ai toujours eu \u00e0 c\u0153ur de m\u2019impliquer dans la vie associative. Pendant deux ans, j\u2019ai \u00e9t\u00e9 membre du Conseil de la Vie Lyc\u00e9enne (CVL), une exp\u00e9rience tr\u00e8s enrichissante. J\u2019ai particuli\u00e8rement appr\u00e9ci\u00e9 de pouvoir participer activement \u00e0 la vie du lyc\u00e9e, contribuer \u00e0 des projets, recueillir les avis des \u00e9l\u00e8ves et les repr\u00e9senter en portant leur voix.<\/p><p>Je suis \u00e9galement engag\u00e9 dans la vie politique : j\u2019assiste \u00e0 des r\u00e9unions, des meetings et je participe \u00e0 l\u2019organisation de campagnes.<\/p><p>Alors, lorsque la r\u00e9sidence a propos\u00e9 de nouvelles \u00e9lections en mars, cela m\u2019a sembl\u00e9 une \u00e9vidence. M\u2019investir au sein du Conseil de la Vie Sociale de la structure qui m\u2019accueille est pour moi une suite logique de mon engagement.\u00a0\u00bb<\/p>\t\t\t\t\t\t\t\t<\/div>\n\t\t\t\t<\/div>\n\t\t\t\t<div class=\"elementor-element elementor-element-d9e6d88 elementor-widget elementor-widget-heading\" data-id=\"d9e6d88\" data-element_type=\"widget\" data-widget_type=\"heading.default\">\n\t\t\t\t<div class=\"elementor-widget-container\">\n\t\t\t\t\t<h2 class=\"elementor-heading-title elementor-size-default\"><span> Quel est ton r\u00f4le du CVS<\/span> dans la r\u00e9sidence ?<\/h2>\t\t\t\t<\/div>\n\t\t\t\t<\/div>\n\t\t\t\t<div class=\"elementor-element elementor-element-66dd29e elementor-widget elementor-widget-text-editor\" data-id=\"66dd29e\" data-element_type=\"widget\" data-widget_type=\"text-editor.default\">\n\t\t\t\t<div class=\"elementor-widget-container\">\n\t\t\t\t\t\t\t\t\t<p><strong>S.D. :<\/strong> \u00ab\u00a0Je vais \u00e0 la rencontre des r\u00e9sidents pour \u00e9changer avec eux sur leurs questions ou leurs besoins. Je les repr\u00e9sente ensuite lors des r\u00e9unions du Conseil de Vie Sociale, qui se tiennent tous les trois mois.<\/p><p>Ma mission principale en tant que membre du CVS est d\u2019\u00eatre l\u2019interlocuteur privil\u00e9gi\u00e9 entre les r\u00e9sidents et la direction de l\u2019\u00e9tablissement. Je transmets les remarques et les id\u00e9es des jeunes, que j\u2019ai recueillies avant lors de discussions.\u00a0\u00bb<\/p>\t\t\t\t\t\t\t\t<\/div>\n\t\t\t\t<\/div>\n\t\t\t\t<div class=\"elementor-element elementor-element-b08dc63 elementor-widget elementor-widget-heading\" data-id=\"b08dc63\" data-element_type=\"widget\" data-widget_type=\"heading.default\">\n\t\t\t\t<div class=\"elementor-widget-container\">\n\t\t\t\t\t<h2 class=\"elementor-heading-title elementor-size-default\">As-tu le sentiment que <span>le CVS est \u00e9cout\u00e9 par l\u2019\u00e9quipe ?<\/span><\/h2>\t\t\t\t<\/div>\n\t\t\t\t<\/div>\n\t\t\t\t<div class=\"elementor-element elementor-element-1e64090 elementor-widget elementor-widget-text-editor\" data-id=\"1e64090\" data-element_type=\"widget\" data-widget_type=\"text-editor.default\">\n\t\t\t\t<div class=\"elementor-widget-container\">\n\t\t\t\t\t\t\t\t\t<p><strong>S.D. :<\/strong> \u00ab\u00a0Dans l\u2019ensemble la direction est \u00e0 l\u2019\u00e9coute des questionnements, des r\u00e9ponses sont syst\u00e9matiquement apport\u00e9s m\u00eame si celle-ci ne plaisent pas toujours. N\u00e9anmoins, les d\u00e9cisions sont toujours argument\u00e9es et le temps d\u2019\u00e9change reste tr\u00e8s int\u00e9ressant.<\/p>\t\t\t\t\t\t\t\t<\/div>\n\t\t\t\t<\/div>\n\t\t\t\t<div class=\"elementor-element elementor-element-b16a977 elementor-widget elementor-widget-text-editor\" data-id=\"b16a977\" data-element_type=\"widget\" data-widget_type=\"text-editor.default\">\n\t\t\t\t<div class=\"elementor-widget-container\">\n\t\t\t\t\t\t\t\t\t<p>Lors du dernier CVS, plusieurs id\u00e9es ont \u00e9t\u00e9 discut\u00e9es. Les r\u00e9sidents souhaitent revoir les horaires de visite pour qu\u2019ils soient plus adapt\u00e9s. Ils aimeraient aussi avoir plus d\u2019espaces verts pour rendre la r\u00e9sidence plus agr\u00e9able. Enfin, ils ont demand\u00e9 \u00e0 am\u00e9liorer les espaces communs pour que ce soit plus confortable et convivial pour tout le monde.<\/p>\t\t\t\t\t\t\t\t<\/div>\n\t\t\t\t<\/div>\n\t\t\t\t<div class=\"elementor-element elementor-element-243bbb0 elementor-widget elementor-widget-text-editor\" data-id=\"243bbb0\" data-element_type=\"widget\" data-widget_type=\"text-editor.default\">\n\t\t\t\t<div class=\"elementor-widget-container\">\n\t\t\t\t\t\t\t\t\t<p>J\u2019ai d&rsquo;ailleurs r\u00e9cemment \u00e9t\u00e9 invit\u00e9 \u00e0 participer \u00e0 l\u2019\u00e9laboration du projet Associatif lors de deux journ\u00e9es de s\u00e9minaire. C\u2019\u00e9tait vraiment int\u00e9ressant de pouvoir associer un jeune \u00e0 cette d\u00e9marche, et j\u2019ai \u00e9t\u00e9 content d\u2019y participer.\u00a0\u00bb<\/p>\t\t\t\t\t\t\t\t<\/div>\n\t\t\t\t<\/div>\n\t\t\t\t<div class=\"elementor-element elementor-element-563c0ed elementor-widget elementor-widget-heading\" data-id=\"563c0ed\" data-element_type=\"widget\" data-widget_type=\"heading.default\">\n\t\t\t\t<div class=\"elementor-widget-container\">\n\t\t\t\t\t<h2 class=\"elementor-heading-title elementor-size-default\">Qu\u2019est-ce que cette exp\u00e9rience t\u2019apporte <span> personnellement ? <\/span><\/h2>\t\t\t\t<\/div>\n\t\t\t\t<\/div>\n\t\t\t\t<div class=\"elementor-element elementor-element-af90967 elementor-widget elementor-widget-text-editor\" data-id=\"af90967\" data-element_type=\"widget\" data-widget_type=\"text-editor.default\">\n\t\t\t\t<div class=\"elementor-widget-container\">\n\t\t\t\t\t\t\t\t\t<p><strong>S.D. :<\/strong> \u00ab\u00a0Cela me permet de me sentir utile au sein de la r\u00e9sidence, de rencontrer les diff\u00e9rentes personnes, et de mieux comprendre le fonctionnement de certains aspects de la structure.\u00a0\u00bb<\/p>\t\t\t\t\t\t\t\t<\/div>\n\t\t\t\t<\/div>\n\t\t\t\t<div class=\"elementor-element elementor-element-a98b766 elementor-widget elementor-widget-heading\" data-id=\"a98b766\" data-element_type=\"widget\" data-widget_type=\"heading.default\">\n\t\t\t\t<div class=\"elementor-widget-container\">\n\t\t\t\t\t<h2 class=\"elementor-heading-title elementor-size-default\"> <span>Encouragerais-tu<\/span> d\u2019autres jeunes \u00e0 s\u2019engager dans le CVS ?\n<\/h2>\t\t\t\t<\/div>\n\t\t\t\t<\/div>\n\t\t\t\t<div class=\"elementor-element elementor-element-a3fe621 elementor-widget elementor-widget-text-editor\" data-id=\"a3fe621\" data-element_type=\"widget\" data-widget_type=\"text-editor.default\">\n\t\t\t\t<div class=\"elementor-widget-container\">\n\t\t\t\t\t\t\t\t\t<p><strong>S.D. :<\/strong> \u00ab\u00a0Oui, absolument. Parce que c\u2019est un moyen important de faire entendre leur voix, de participer aux d\u00e9cisions qui les concernent, et d\u2019am\u00e9liorer leur cadre de vie. S\u2019engager dans le CVS permet aussi de d\u00e9velopper des comp\u00e9tences, de rencontrer du monde, et de se sentir utile au sein de la r\u00e9sidence.\u00a0\u00bb<\/p>\t\t\t\t\t\t\t\t<\/div>\n\t\t\t\t<\/div>\n\t\t\t\t<div class=\"elementor-element elementor-element-a9abd9b elementor-widget elementor-widget-heading\" data-id=\"a9abd9b\" data-element_type=\"widget\" data-widget_type=\"heading.default\">\n\t\t\t\t<div class=\"elementor-widget-container\">\n\t\t\t\t\t<h2 class=\"elementor-heading-title elementor-size-default\">Que dirais-tu \u00e0 un r\u00e9sident <span>qui pense que \"\u00e7a ne sert \u00e0 rien\" ?<\/span><\/h2>\t\t\t\t<\/div>\n\t\t\t\t<\/div>\n\t\t\t\t<div class=\"elementor-element elementor-element-e65735f elementor-widget elementor-widget-text-editor\" data-id=\"e65735f\" data-element_type=\"widget\" data-widget_type=\"text-editor.default\">\n\t\t\t\t<div class=\"elementor-widget-container\">\n\t\t\t\t\t\t\t\t\t<p><strong>S.D. :<\/strong> \u00ab\u00a0Je lui dirais qu\u2019il se trompe. M\u00eame si parfois nos propositions n\u2019aboutissent pas, elles montrent notre engagement pour la r\u00e9sidence. Le CVS permet d\u2019apporter nos voix et de nous faire entendre, ce qui est important pour am\u00e9liorer notre cadre de vie.\u00a0\u00bb<\/p>\t\t\t\t\t\t\t\t<\/div>\n\t\t\t\t<\/div>\n\t\t\t\t<div class=\"elementor-element elementor-element-13b72d2 elementor-widget elementor-widget-text-editor\" data-id=\"13b72d2\" data-element_type=\"widget\" data-widget_type=\"text-editor.default\">\n\t\t\t\t<div class=\"elementor-widget-container\">\n\t\t\t\t\t\t\t\t\t<p><b>La participation au CVS est importante pour faire \u00e9voluer la r\u00e9sidence dans le bon sens. Chacun a sa place et son r\u00f4le \u00e0 jouer, et c\u2019est ensemble, en \u00e9changeant et en s\u2019\u00e9coutant, que nous pouvons am\u00e9liorer notre cadre de vie. N\u2019h\u00e9sitez pas \u00e0 vous impliquer, vos id\u00e9es comptent vraiment !\u00a0\u00bb<\/b><\/p>\t\t\t\t\t\t\t\t<\/div>\n\t\t\t\t<\/div>\n\t\t\t\t\t<\/div>\n\t\t<\/div>\n\t\t\t\t\t<\/div>\n\t\t<\/section>\n\t\t\t\t<\/div>\n\t\t","protected":false},"excerpt":{"rendered":"<p>Bachelier fra\u00eechement dipl\u00f4m\u00e9 et futur \u00e9tudiant en classe pr\u00e9paratoire litt\u00e9raire, Sofiane Dahmani pr\u00e9side, depuis mars 2025, le Conseil de Vie Sociale (CVS) de la r\u00e9sidence Atrihome. \u00c0 seulement 18 ans, [&hellip;]<\/p>\n","protected":false},"author":7,"featured_media":5398,"comment_status":"closed","ping_status":"closed","sticky":false,"template":"","format":"standard","meta":{"_price":"","_stock":"","_tribe_ticket_header":"","_tribe_default_ticket_provider":"","_tribe_ticket_capacity":"0","_ticket_start_date":"","_ticket_end_date":"","_tribe_ticket_show_description":"","_tribe_ticket_show_not_going":false,"_tribe_ticket_use_global_stock":"","_tribe_ticket_global_stock_level":"","_global_stock_mode":"","_global_stock_cap":"","_tribe_rsvp_for_event":"","_tribe_ticket_going_count":"","_tribe_ticket_not_going_count":"","_tribe_tickets_list":"[]","_tribe_ticket_has_attendee_info_fields":false,"_jetpack_memberships_contains_paid_content":false,"footnotes":""},"categories":[3],"tags":[],"class_list":["post-5378","post","type-post","status-publish","format-standard","has-post-thumbnail","hentry","category-parcours"],"jetpack_featured_media_url":"https:\/\/www.majt-lille.org\/V2\/wp-content\/uploads\/2025\/07\/sofiane.bmp","jetpack_sharing_enabled":true,"_links":{"self":[{"href":"https:\/\/www.majt-lille.org\/V2\/wp-json\/wp\/v2\/posts\/5378","targetHints":{"allow":["GET"]}}],"collection":[{"href":"https:\/\/www.majt-lille.org\/V2\/wp-json\/wp\/v2\/posts"}],"about":[{"href":"https:\/\/www.majt-lille.org\/V2\/wp-json\/wp\/v2\/types\/post"}],"author":[{"embeddable":true,"href":"https:\/\/www.majt-lille.org\/V2\/wp-json\/wp\/v2\/users\/7"}],"replies":[{"embeddable":true,"href":"https:\/\/www.majt-lille.org\/V2\/wp-json\/wp\/v2\/comments?post=5378"}],"version-history":[{"count":26,"href":"https:\/\/www.majt-lille.org\/V2\/wp-json\/wp\/v2\/posts\/5378\/revisions"}],"predecessor-version":[{"id":5469,"href":"https:\/\/www.majt-lille.org\/V2\/wp-json\/wp\/v2\/posts\/5378\/revisions\/5469"}],"wp:featuredmedia":[{"embeddable":true,"href":"https:\/\/www.majt-lille.org\/V2\/wp-json\/wp\/v2\/media\/5398"}],"wp:attachment":[{"href":"https:\/\/www.majt-lille.org\/V2\/wp-json\/wp\/v2\/media?parent=5378"}],"wp:term":[{"taxonomy":"category","embeddable":true,"href":"https:\/\/www.majt-lille.org\/V2\/wp-json\/wp\/v2\/categories?post=5378"},{"taxonomy":"post_tag","embeddable":true,"href":"https:\/\/www.majt-lille.org\/V2\/wp-json\/wp\/v2\/tags?post=5378"}],"curies":[{"name":"wp","href":"https:\/\/api.w.org\/{rel}","templated":true}]}}