{"id":5399,"date":"2025-07-22T10:55:41","date_gmt":"2025-07-22T08:55:41","guid":{"rendered":"https:\/\/www.majt-lille.org\/V2\/?p=5399"},"modified":"2025-07-29T11:19:00","modified_gmt":"2025-07-29T09:19:00","slug":"le-projet-associatif","status":"publish","type":"post","link":"https:\/\/www.majt-lille.org\/V2\/le-projet-associatif\/","title":{"rendered":"Vers un nouveau projet associatif"},"content":{"rendered":"\t\t<div data-elementor-type=\"wp-post\" data-elementor-id=\"5399\" class=\"elementor elementor-5399\">\n\t\t\t\t\t\t<section class=\"elementor-section elementor-top-section elementor-element elementor-element-d1017d0 elementor-section-boxed elementor-section-height-default elementor-section-height-default\" data-id=\"d1017d0\" data-element_type=\"section\" data-settings=\"{&quot;jet_parallax_layout_list&quot;:[]}\">\n\t\t\t\t\t\t<div class=\"elementor-container elementor-column-gap-default\">\n\t\t\t\t\t<div class=\"elementor-column elementor-col-100 elementor-top-column elementor-element elementor-element-20e6485\" data-id=\"20e6485\" data-element_type=\"column\">\n\t\t\t<div class=\"elementor-widget-wrap elementor-element-populated\">\n\t\t\t\t\t\t<div class=\"elementor-element elementor-element-a2f692a elementor-widget elementor-widget-text-editor\" data-id=\"a2f692a\" data-element_type=\"widget\" data-widget_type=\"text-editor.default\">\n\t\t\t\t<div class=\"elementor-widget-container\">\n\t\t\t\t\t\t\t\t\t<p><em><strong>Depuis mai 2025, la MAJT r\u00e9\u00e9crit son projet associatif de mani\u00e8re collaborative avec salari\u00e9s, partenaires, r\u00e9sidents et administrateurs. Trois s\u00e9minaires ont d\u00e9fini les orientations pour les cinq prochaines ann\u00e9es.<\/strong><\/em><\/p><p>La MAJT s&rsquo;engage dans une d\u00e9marche participative de r\u00e9\u00e9criture de son projet associatif depuis mai 2025. Cette r\u00e9flexion collective, men\u00e9e avec l&rsquo;ensemble des parties prenantes, aboutira en septembre \u00e0 la pr\u00e9sentation d&rsquo;un nouveau cap strat\u00e9gique pour les cinq prochaines ann\u00e9es.<\/p>\t\t\t\t\t\t\t\t<\/div>\n\t\t\t\t<\/div>\n\t\t\t\t\t<\/div>\n\t\t<\/div>\n\t\t\t\t\t<\/div>\n\t\t<\/section>\n\t\t\t\t<section class=\"elementor-section elementor-top-section elementor-element elementor-element-dea6d1e elementor-section-boxed elementor-section-height-default elementor-section-height-default\" data-id=\"dea6d1e\" data-element_type=\"section\" data-settings=\"{&quot;jet_parallax_layout_list&quot;:[]}\">\n\t\t\t\t\t\t<div class=\"elementor-container elementor-column-gap-default\">\n\t\t\t\t\t<div class=\"elementor-column elementor-col-100 elementor-top-column elementor-element elementor-element-f1d16f4\" data-id=\"f1d16f4\" data-element_type=\"column\">\n\t\t\t<div class=\"elementor-widget-wrap elementor-element-populated\">\n\t\t\t\t\t\t<div class=\"elementor-element elementor-element-9a9b4f6 elementor-widget elementor-widget-heading\" data-id=\"9a9b4f6\" data-element_type=\"widget\" data-widget_type=\"heading.default\">\n\t\t\t\t<div class=\"elementor-widget-container\">\n\t\t\t\t\t<h2 class=\"elementor-heading-title elementor-size-default\">Quatre \u00e9l\u00e9ments <span>d\u00e9clencheurs<\/span><\/h2>\t\t\t\t<\/div>\n\t\t\t\t<\/div>\n\t\t\t\t\t<\/div>\n\t\t<\/div>\n\t\t\t\t\t<\/div>\n\t\t<\/section>\n\t\t\t\t<section class=\"elementor-section elementor-top-section elementor-element elementor-element-e8d26e4 elementor-section-boxed elementor-section-height-default elementor-section-height-default\" data-id=\"e8d26e4\" data-element_type=\"section\" data-settings=\"{&quot;jet_parallax_layout_list&quot;:[]}\">\n\t\t\t\t\t\t<div class=\"elementor-container elementor-column-gap-default\">\n\t\t\t\t\t<div class=\"elementor-column elementor-col-100 elementor-top-column elementor-element elementor-element-aea1562\" data-id=\"aea1562\" data-element_type=\"column\">\n\t\t\t<div class=\"elementor-widget-wrap elementor-element-populated\">\n\t\t\t\t\t\t<div class=\"elementor-element elementor-element-f6c3cf6 elementor-widget elementor-widget-text-editor\" data-id=\"f6c3cf6\" data-element_type=\"widget\" data-widget_type=\"text-editor.default\">\n\t\t\t\t<div class=\"elementor-widget-container\">\n\t\t\t\t\t\t\t\t\t<p>Cette r\u00e9\u00e9criture r\u00e9pond \u00e0 plusieurs enjeux : un pr\u00e9c\u00e9dent projet arriv\u00e9 \u00e0 son \u00e9ch\u00e9ance en 2024, une \u00e9quipe fortement remani\u00e9 ces derni\u00e8res ann\u00e9es, un environnement en \u00e9volution et une gouvernance qui va se modifier. <span style=\"font-size: 1.125rem; letter-spacing: 0px;\">Un moment opportun \u00e0 tous ces titres qui doit permettre \u00e0 l\u2019association de d\u00e9finir un cap pour ces prochaines ann\u00e9es, de favoriser l\u2019engagement de tous.<\/span><\/p><div><span style=\"font-size: 1.125rem; letter-spacing: 0px;\">\u00a0<\/span><\/div><p><strong>Trois s\u00e9minaires, trois lieux, tous mobilis\u00e9s<\/strong><\/p><p>Accompagn\u00e9e par un acteur ext\u00e9rieur, la d\u00e9marche s&rsquo;appuie sur des diagnostics internes et externes. Trois journ\u00e9es de s\u00e9minaires dans des lieux ext\u00e9rieurs ont r\u00e9uni salari\u00e9s, partenaires, r\u00e9sidents et administrateurs pour des temps de travail et d&rsquo;\u00e9changes conviviaux. Une approche qui garantit la participation de chacun \u00e0 la construction du projet.<\/p>\t\t\t\t\t\t\t\t<\/div>\n\t\t\t\t<\/div>\n\t\t\t\t\t<\/div>\n\t\t<\/div>\n\t\t\t\t\t<\/div>\n\t\t<\/section>\n\t\t\t\t<section class=\"elementor-section elementor-top-section elementor-element elementor-element-db5641f elementor-section-boxed elementor-section-height-default elementor-section-height-default\" data-id=\"db5641f\" data-element_type=\"section\" data-settings=\"{&quot;jet_parallax_layout_list&quot;:[]}\">\n\t\t\t\t\t\t<div class=\"elementor-container elementor-column-gap-default\">\n\t\t\t\t\t<div class=\"elementor-column elementor-col-100 elementor-top-column elementor-element elementor-element-8d68aa6\" data-id=\"8d68aa6\" data-element_type=\"column\">\n\t\t\t<div class=\"elementor-widget-wrap elementor-element-populated\">\n\t\t\t\t\t\t<div class=\"elementor-element elementor-element-219fe4e elementor-widget elementor-widget-heading\" data-id=\"219fe4e\" data-element_type=\"widget\" data-widget_type=\"heading.default\">\n\t\t\t\t<div class=\"elementor-widget-container\">\n\t\t\t\t\t<h2 class=\"elementor-heading-title elementor-size-default\"><span>Six th\u00e9matiques <\/span> au coeur des r\u00e9flexions<\/h2>\t\t\t\t<\/div>\n\t\t\t\t<\/div>\n\t\t\t\t\t<\/div>\n\t\t<\/div>\n\t\t\t\t\t<\/div>\n\t\t<\/section>\n\t\t\t\t<section class=\"elementor-section elementor-top-section elementor-element elementor-element-aa4dd07 elementor-section-boxed elementor-section-height-default elementor-section-height-default\" data-id=\"aa4dd07\" data-element_type=\"section\" data-settings=\"{&quot;jet_parallax_layout_list&quot;:[]}\">\n\t\t\t\t\t\t<div class=\"elementor-container elementor-column-gap-default\">\n\t\t\t\t\t<div class=\"elementor-column elementor-col-100 elementor-top-column elementor-element elementor-element-a3224f7\" data-id=\"a3224f7\" data-element_type=\"column\">\n\t\t\t<div class=\"elementor-widget-wrap elementor-element-populated\">\n\t\t\t\t\t\t<div class=\"elementor-element elementor-element-bdd0eb6 elementor-widget elementor-widget-text-editor\" data-id=\"bdd0eb6\" data-element_type=\"widget\" data-widget_type=\"text-editor.default\">\n\t\t\t\t<div class=\"elementor-widget-container\">\n\t\t\t\t\t\t\t\t\t<p>Des ateliers ont \u00e9t\u00e9 d\u00e9velopp\u00e9es au cours de ces journ\u00e9es sur\u00a0:<\/p><ul><li>Les valeurs associatives et leurs applications dans les activit\u00e9s quotidiennes<\/li><li>Les principes fondamentaux de l\u2019accompagnement au sein de la MAJT<\/li><li>L\u2019inclusion sociale dans la perspective d\u2019un \u00e9largissement du champ d\u2019action de l\u2019association<\/li><li>Le vieillissement et ses d\u00e9fis dans le contexte du logement<\/li><li>La responsabilit\u00e9 soci\u00e9tale de l\u2019entreprise<\/li><li>Les migrations et leurs impacts sur le logement des jeunes mais \u00e9galement au sein de la MAJT<\/li><\/ul><p>Les d\u00e9fis \u00e0 relever pour l\u2019association ont \u00e9t\u00e9 identifi\u00e9s, partag\u00e9s.<\/p><p><b>Les travaux men\u00e9s durant ces mois de r\u00e9flexion collective aboutiront en septembre \u00e0 la pr\u00e9sentation officielle du nouveau Projet Associatif MAJT. Un document attendu qui tracera la feuille de route des cinq prochaines ann\u00e9es et fera l&rsquo;objet d&rsquo;une communication d\u00e9di\u00e9e.<\/b><\/p>\t\t\t\t\t\t\t\t<\/div>\n\t\t\t\t<\/div>\n\t\t\t\t\t<\/div>\n\t\t<\/div>\n\t\t\t\t\t<\/div>\n\t\t<\/section>\n\t\t\t\t<\/div>\n\t\t","protected":false},"excerpt":{"rendered":"<p>Depuis mai 2025, la MAJT r\u00e9\u00e9crit son projet associatif de mani\u00e8re collaborative avec salari\u00e9s, partenaires, r\u00e9sidents et administrateurs. Trois s\u00e9minaires ont d\u00e9fini les orientations pour les cinq prochaines ann\u00e9es. La [&hellip;]<\/p>\n","protected":false},"author":7,"featured_media":5408,"comment_status":"closed","ping_status":"closed","sticky":false,"template":"","format":"standard","meta":{"_price":"","_stock":"","_tribe_ticket_header":"","_tribe_default_ticket_provider":"","_tribe_ticket_capacity":"0","_ticket_start_date":"","_ticket_end_date":"","_tribe_ticket_show_description":"","_tribe_ticket_show_not_going":false,"_tribe_ticket_use_global_stock":"","_tribe_ticket_global_stock_level":"","_global_stock_mode":"","_global_stock_cap":"","_tribe_rsvp_for_event":"","_tribe_ticket_going_count":"","_tribe_ticket_not_going_count":"","_tribe_tickets_list":"[]","_tribe_ticket_has_attendee_info_fields":false,"_jetpack_memberships_contains_paid_content":false,"footnotes":""},"categories":[36],"tags":[],"class_list":["post-5399","post","type-post","status-publish","format-standard","has-post-thumbnail","hentry","category-vie-associative"],"jetpack_featured_media_url":"https:\/\/www.majt-lille.org\/V2\/wp-content\/uploads\/2025\/07\/projet-associatif.webp","jetpack_sharing_enabled":true,"_links":{"self":[{"href":"https:\/\/www.majt-lille.org\/V2\/wp-json\/wp\/v2\/posts\/5399","targetHints":{"allow":["GET"]}}],"collection":[{"href":"https:\/\/www.majt-lille.org\/V2\/wp-json\/wp\/v2\/posts"}],"about":[{"href":"https:\/\/www.majt-lille.org\/V2\/wp-json\/wp\/v2\/types\/post"}],"author":[{"embeddable":true,"href":"https:\/\/www.majt-lille.org\/V2\/wp-json\/wp\/v2\/users\/7"}],"replies":[{"embeddable":true,"href":"https:\/\/www.majt-lille.org\/V2\/wp-json\/wp\/v2\/comments?post=5399"}],"version-history":[{"count":17,"href":"https:\/\/www.majt-lille.org\/V2\/wp-json\/wp\/v2\/posts\/5399\/revisions"}],"predecessor-version":[{"id":5497,"href":"https:\/\/www.majt-lille.org\/V2\/wp-json\/wp\/v2\/posts\/5399\/revisions\/5497"}],"wp:featuredmedia":[{"embeddable":true,"href":"https:\/\/www.majt-lille.org\/V2\/wp-json\/wp\/v2\/media\/5408"}],"wp:attachment":[{"href":"https:\/\/www.majt-lille.org\/V2\/wp-json\/wp\/v2\/media?parent=5399"}],"wp:term":[{"taxonomy":"category","embeddable":true,"href":"https:\/\/www.majt-lille.org\/V2\/wp-json\/wp\/v2\/categories?post=5399"},{"taxonomy":"post_tag","embeddable":true,"href":"https:\/\/www.majt-lille.org\/V2\/wp-json\/wp\/v2\/tags?post=5399"}],"curies":[{"name":"wp","href":"https:\/\/api.w.org\/{rel}","templated":true}]}}