{"id":5409,"date":"2025-07-22T11:00:49","date_gmt":"2025-07-22T09:00:49","guid":{"rendered":"https:\/\/www.majt-lille.org\/V2\/?p=5409"},"modified":"2025-07-29T11:20:22","modified_gmt":"2025-07-29T09:20:22","slug":"demenagement-du-dispositif-kiala-vers-un-nouvel-espace-dedie","status":"publish","type":"post","link":"https:\/\/www.majt-lille.org\/V2\/demenagement-du-dispositif-kiala-vers-un-nouvel-espace-dedie\/","title":{"rendered":"D\u00e9m\u00e9nagement du dispositif KIALA : vers un nouvel espace d\u00e9di\u00e9"},"content":{"rendered":"\t\t<div data-elementor-type=\"wp-post\" data-elementor-id=\"5409\" class=\"elementor elementor-5409\">\n\t\t\t\t\t\t<section class=\"elementor-section elementor-top-section elementor-element elementor-element-84df608 elementor-section-boxed elementor-section-height-default elementor-section-height-default\" data-id=\"84df608\" data-element_type=\"section\" data-settings=\"{&quot;jet_parallax_layout_list&quot;:[]}\">\n\t\t\t\t\t\t<div class=\"elementor-container elementor-column-gap-default\">\n\t\t\t\t\t<div class=\"elementor-column elementor-col-100 elementor-top-column elementor-element elementor-element-c7a5ab6\" data-id=\"c7a5ab6\" data-element_type=\"column\">\n\t\t\t<div class=\"elementor-widget-wrap elementor-element-populated\">\n\t\t\t\t\t\t<div class=\"elementor-element elementor-element-52ef862 elementor-widget elementor-widget-text-editor\" data-id=\"52ef862\" data-element_type=\"widget\" data-widget_type=\"text-editor.default\">\n\t\t\t\t<div class=\"elementor-widget-container\">\n\t\t\t\t\t\t\t\t\t<p><em><strong>Depuis plusieurs ann\u00e9es, la MAJT nourrit un projet ambitieux : offrir au dispositif KIALA un lieu enti\u00e8rement d\u00e9di\u00e9, ind\u00e9pendant de nos locaux historiques, pour mieux r\u00e9pondre aux besoins des b\u00e9n\u00e9ficiaires et partenaires. Jusqu\u2019\u00e0 pr\u00e9sent, le manque d\u2019opportunit\u00e9s n\u2019a jamais permis la concr\u00e9tisation de ce projet. Aujourd\u2019hui, cette ambition devient r\u00e9alit\u00e9 !<\/strong><\/em><\/p>\t\t\t\t\t\t\t\t<\/div>\n\t\t\t\t<\/div>\n\t\t\t\t\t<\/div>\n\t\t<\/div>\n\t\t\t\t\t<\/div>\n\t\t<\/section>\n\t\t\t\t<section class=\"elementor-section elementor-top-section elementor-element elementor-element-3cb6ff6 elementor-section-boxed elementor-section-height-default elementor-section-height-default\" data-id=\"3cb6ff6\" data-element_type=\"section\" data-settings=\"{&quot;jet_parallax_layout_list&quot;:[]}\">\n\t\t\t\t\t\t<div class=\"elementor-container elementor-column-gap-default\">\n\t\t\t\t\t<div class=\"elementor-column elementor-col-100 elementor-top-column elementor-element elementor-element-21cd598\" data-id=\"21cd598\" data-element_type=\"column\">\n\t\t\t<div class=\"elementor-widget-wrap elementor-element-populated\">\n\t\t\t\t\t\t<div class=\"elementor-element elementor-element-8b4eff2 elementor-widget elementor-widget-heading\" data-id=\"8b4eff2\" data-element_type=\"widget\" data-widget_type=\"heading.default\">\n\t\t\t\t<div class=\"elementor-widget-container\">\n\t\t\t\t\t<h2 class=\"elementor-heading-title elementor-size-default\">Pourquoi ce <span>d\u00e9m\u00e9nagement maintenant ?<\/span><\/h2>\t\t\t\t<\/div>\n\t\t\t\t<\/div>\n\t\t\t\t\t<\/div>\n\t\t<\/div>\n\t\t\t\t\t<\/div>\n\t\t<\/section>\n\t\t\t\t<section class=\"elementor-section elementor-top-section elementor-element elementor-element-586a9ee elementor-section-boxed elementor-section-height-default elementor-section-height-default\" data-id=\"586a9ee\" data-element_type=\"section\" data-settings=\"{&quot;jet_parallax_layout_list&quot;:[]}\">\n\t\t\t\t\t\t<div class=\"elementor-container elementor-column-gap-default\">\n\t\t\t\t\t<div class=\"elementor-column elementor-col-100 elementor-top-column elementor-element elementor-element-7f9efb0\" data-id=\"7f9efb0\" data-element_type=\"column\">\n\t\t\t<div class=\"elementor-widget-wrap elementor-element-populated\">\n\t\t\t\t\t\t<div class=\"elementor-element elementor-element-de9a87f elementor-widget elementor-widget-text-editor\" data-id=\"de9a87f\" data-element_type=\"widget\" data-widget_type=\"text-editor.default\">\n\t\t\t\t<div class=\"elementor-widget-container\">\n\t\t\t\t\t\t\t\t\t<p><strong>Disposer d\u2019une plateforme d\u2019accompagnement global d\u00e9di\u00e9e<\/strong><br>en sortant des locaux de la R\u00e9sidence Thumesnil, KIALA s\u2019installe dans un espace pens\u00e9 pour faciliter l\u2019accueil, les \u00e9changes et le travail quotidien des travailleurs sociaux.<\/p>\n<p><strong>Un environnement neutre, apaisant et accessible<\/strong><br>ce nouvel espace, log\u00e9 dans des locaux externalis\u00e9s, offre un cadre plus \u00ab&nbsp;cozy&nbsp;\u00bb aux b\u00e9n\u00e9ficiaires, permettant un accueil des b\u00e9n\u00e9ficiaires et de leurs familles.<\/p>\n<p><strong>Une meilleure visibilit\u00e9 aupr\u00e8s des financeurs et partenaires<\/strong><br>avoir un lieu propre \u00e0 KIALA permet une identification plus claire, renforce l\u2019image et affirme le choix associatif de faire du dispositif une v\u00e9ritable plateforme d\u2019accompagnement.<\/p>\n<p><strong>Un pas vers l\u2019ind\u00e9pendance des locaux Thumesnil<\/strong><br>ce d\u00e9m\u00e9nagement s\u2019inscrit \u00e9galement dans la strat\u00e9gie de la MAJT de lib\u00e9rer progressivement les locaux de la rue de Thumesnil, initiant une nouvelle phase de reconversion ou de r\u00e9organisation de ces espaces.<\/p>\n<p>Le 21 juillet 2025, l\u2019\u00e9quipe a int\u00e9gr\u00e9 les nouveaux locaux situ\u00e9s <strong>au 23 Rue Michel Ange \u00e0 Lille<\/strong>.<\/p><p><br><\/p><p><b>Cette installation marque un tournant pour KIALA, qui\ndispose d\u00e9sormais des conditions id\u00e9ales pour d\u00e9velopper son accompagnement. Un\nprojet de longue haleine concr\u00e9tis\u00e9 qui ouvre de nouvelles perspectives pour le\ndispositif et ses b\u00e9n\u00e9ficiaires.<\/b><o:p><\/o:p><\/p>\t\t\t\t\t\t\t\t<\/div>\n\t\t\t\t<\/div>\n\t\t\t\t\t<\/div>\n\t\t<\/div>\n\t\t\t\t\t<\/div>\n\t\t<\/section>\n\t\t\t\t<\/div>\n\t\t","protected":false},"excerpt":{"rendered":"<p>Depuis plusieurs ann\u00e9es, la MAJT nourrit un projet ambitieux : offrir au dispositif KIALA un lieu enti\u00e8rement d\u00e9di\u00e9, ind\u00e9pendant de nos locaux historiques, pour mieux r\u00e9pondre aux besoins des b\u00e9n\u00e9ficiaires [&hellip;]<\/p>\n","protected":false},"author":7,"featured_media":5414,"comment_status":"closed","ping_status":"closed","sticky":false,"template":"","format":"standard","meta":{"_price":"","_stock":"","_tribe_ticket_header":"","_tribe_default_ticket_provider":"","_tribe_ticket_capacity":"0","_ticket_start_date":"","_ticket_end_date":"","_tribe_ticket_show_description":"","_tribe_ticket_show_not_going":false,"_tribe_ticket_use_global_stock":"","_tribe_ticket_global_stock_level":"","_global_stock_mode":"","_global_stock_cap":"","_tribe_rsvp_for_event":"","_tribe_ticket_going_count":"","_tribe_ticket_not_going_count":"","_tribe_tickets_list":"[]","_tribe_ticket_has_attendee_info_fields":false,"_jetpack_memberships_contains_paid_content":false,"footnotes":""},"categories":[12],"tags":[],"class_list":["post-5409","post","type-post","status-publish","format-standard","has-post-thumbnail","hentry","category-fonctionnement"],"jetpack_featured_media_url":"https:\/\/www.majt-lille.org\/V2\/wp-content\/uploads\/2025\/07\/demenagement-kiala.webp","jetpack_sharing_enabled":true,"_links":{"self":[{"href":"https:\/\/www.majt-lille.org\/V2\/wp-json\/wp\/v2\/posts\/5409","targetHints":{"allow":["GET"]}}],"collection":[{"href":"https:\/\/www.majt-lille.org\/V2\/wp-json\/wp\/v2\/posts"}],"about":[{"href":"https:\/\/www.majt-lille.org\/V2\/wp-json\/wp\/v2\/types\/post"}],"author":[{"embeddable":true,"href":"https:\/\/www.majt-lille.org\/V2\/wp-json\/wp\/v2\/users\/7"}],"replies":[{"embeddable":true,"href":"https:\/\/www.majt-lille.org\/V2\/wp-json\/wp\/v2\/comments?post=5409"}],"version-history":[{"count":11,"href":"https:\/\/www.majt-lille.org\/V2\/wp-json\/wp\/v2\/posts\/5409\/revisions"}],"predecessor-version":[{"id":6085,"href":"https:\/\/www.majt-lille.org\/V2\/wp-json\/wp\/v2\/posts\/5409\/revisions\/6085"}],"wp:featuredmedia":[{"embeddable":true,"href":"https:\/\/www.majt-lille.org\/V2\/wp-json\/wp\/v2\/media\/5414"}],"wp:attachment":[{"href":"https:\/\/www.majt-lille.org\/V2\/wp-json\/wp\/v2\/media?parent=5409"}],"wp:term":[{"taxonomy":"category","embeddable":true,"href":"https:\/\/www.majt-lille.org\/V2\/wp-json\/wp\/v2\/categories?post=5409"},{"taxonomy":"post_tag","embeddable":true,"href":"https:\/\/www.majt-lille.org\/V2\/wp-json\/wp\/v2\/tags?post=5409"}],"curies":[{"name":"wp","href":"https:\/\/api.w.org\/{rel}","templated":true}]}}